{"id":50410,"date":"2015-04-11T16:58:46","date_gmt":"2015-04-11T19:58:46","guid":{"rendered":"http:\/\/www.elsindical.com.ar\/notas\/?p=50410"},"modified":"2015-04-11T16:58:46","modified_gmt":"2015-04-11T19:58:46","slug":"denuncian-que-la-multinacional-walmart-les-exprime-la-sangre-a-los-trabajadores-argentinos","status":"publish","type":"post","link":"https:\/\/www.elsindical.com.ar\/notas\/denuncian-que-la-multinacional-walmart-les-exprime-la-sangre-a-los-trabajadores-argentinos\/","title":{"rendered":"Denuncian que la multinacional Walmart les exprime la sangre a los trabajadores argentinos"},"content":{"rendered":"<p><em><span style=\"color: #666666; font-family: Tahoma; font-size: small;\"><a href=\"http:\/\/www.elsindical.com.ar\/notas\/var\/www\/html\/notas\/wp-content\/uploads\/2015\/04\/Jorge-Miguelez.jpg\"><img loading=\"lazy\" decoding=\"async\" class=\"alignnone size-medium wp-image-50411\" src=\"http:\/\/www.elsindical.com.ar\/notas\/var\/www\/html\/notas\/wp-content\/uploads\/2015\/04\/Jorge-Miguelez-300x176.jpg\" alt=\"Jorge-Miguelez\" width=\"300\" height=\"176\" srcset=\"https:\/\/www.elsindical.com.ar\/notas\/var\/www\/html\/notas\/wp-content\/uploads\/2015\/04\/Jorge-Miguelez-300x176.jpg 300w, https:\/\/www.elsindical.com.ar\/notas\/var\/www\/html\/notas\/wp-content\/uploads\/2015\/04\/Jorge-Miguelez-500x294.jpg 500w, https:\/\/www.elsindical.com.ar\/notas\/var\/www\/html\/notas\/wp-content\/uploads\/2015\/04\/Jorge-Miguelez.jpg 620w\" sizes=\"auto, (max-width: 300px) 100vw, 300px\" \/><\/a>Jorge Miguelez, secretario general del Sindicato de Profesionales y Jer\u00e1rquicos de Comercio enrolado a la CGT de Hugo Moyano.<\/span><\/em><\/p>\n<p><span style=\"font-family: Arial;\"><span style=\"color: #666666; font-size: small;\">Trabajadores del hipermercado Walmart de La Plata bloquearon los ingresos al lugar y se manifestaron contra la empresa norteamericana, a la que consideran \u00a0\u201cla n\u00famero 1 en discriminaci\u00f3n y explotaci\u00f3n sus empleados\u201d.<\/span><\/span><\/p>\n<p><span style=\"font-family: Arial;\"><strong><span style=\"color: #666666; font-size: small;\">Jorge Miguelez<\/span><\/strong><span style=\"color: #666666; font-size: small;\">, secretario general del Sindicato de Profesionales y Jer\u00e1rquicos de Comercio enrolado a la CGT de <\/span><strong><span style=\"color: #666666; font-size: small;\">Hugo Moyano<\/span><\/strong><span style=\"color: #666666; font-size: small;\">, sostuvo:<\/span><\/span><span style=\"color: #666666; font-family: Arial; font-size: small;\"> \u201cEsta cadena no respeta la Justicia ni la Constituci\u00f3n Nacional, impidiendo que los trabajadores puedan formar una Asociaci\u00f3n Sindical libre y democr\u00e1tica\u201d.<br \/>\n<\/span><span style=\"color: #666666; font-family: Arial; font-size: small;\">El gremialista asegur\u00f3 que es la corporaci\u00f3n m\u00e1s antisindical que existe en Argentina: \u201cA los empleados, que trabajan entre diez y doce horas por d\u00eda, no se les pagan las horas extras, ni los s\u00e1bados y domingos, y tampoco se les reconoce la antig\u00fcedad, les exprimen la sangre\u201d.<\/span><\/p>\n<p><span style=\"font-family: Arial;\"><span style=\"color: #666666; font-size: small;\">Asimismo, denunci\u00f3 ante este portal que muchos empleados no paran por miedo a represalias, ya que son muy comunes los despidos. Adem\u00e1s del reconocimiento del gremio, los manifestantes exigieron que terminen con la persecuci\u00f3n a delegados y al personal afiliado.<br \/>\n<\/span><span style=\"color: #666666; font-size: small;\"> Ante esta situaci\u00f3n, el Sindicato le iniciar\u00e1 juicio al presidente de la empresa en Argentina, <\/span><strong><span style=\"color: #666666; font-size: small;\">Horacio Barbeito<\/span><\/strong><\/span><span style=\"font-family: Arial;\"><span style=\"color: #666666; font-size: small;\">. \u201cSi ellos vienen por todo, nosotros tambi\u00e9n\u201d, dijo el dirigente.<\/span><\/span><\/p>\n<p><span style=\"font-family: Arial;\"><span style=\"color: #666666; font-size: small;\">Desde Profesionales y Jer\u00e1rquicos de Comercio esperan que el Ministerio de Trabajo de la Naci\u00f3n intervenga en el asunto, para que la multinacional entable di\u00e1logo con los representantes gremiales. \u201cNo vamos a admitir que una empresa trate mal a los trabajadores argentinos, si nadie se acerca a hablar, vamos a seguir con las medidas de fuerza\u201d, sentenci\u00f3 Miguelez.<\/span><\/span><\/p>\n","protected":false},"excerpt":{"rendered":"<p>Jorge Miguelez, secretario general del Sindicato de Profesionales y Jer\u00e1rquicos de Comercio enrolado a la CGT de Hugo Moyano. Trabajadores del hipermercado Walmart de La Plata bloquearon los ingresos al lugar y se manifestaron contra la empresa norteamericana, a la que consideran \u00a0\u201cla n\u00famero 1 en discriminaci\u00f3n y explotaci\u00f3n sus empleados\u201d. Jorge Miguelez, secretario general&hellip;<\/p>\n","protected":false},"author":1,"featured_media":0,"comment_status":"open","ping_status":"open","sticky":false,"template":"","format":"standard","meta":{"footnotes":""},"categories":[16],"tags":[910,20537,8096],"class_list":["post-50410","post","type-post","status-publish","format-standard","hentry","category-gremiales","tag-cgt","tag-jorge-miguelez","tag-walmart"],"_links":{"self":[{"href":"https:\/\/www.elsindical.com.ar\/notas\/wp-json\/wp\/v2\/posts\/50410","targetHints":{"allow":["GET"]}}],"collection":[{"href":"https:\/\/www.elsindical.com.ar\/notas\/wp-json\/wp\/v2\/posts"}],"about":[{"href":"https:\/\/www.elsindical.com.ar\/notas\/wp-json\/wp\/v2\/types\/post"}],"author":[{"embeddable":true,"href":"https:\/\/www.elsindical.com.ar\/notas\/wp-json\/wp\/v2\/users\/1"}],"replies":[{"embeddable":true,"href":"https:\/\/www.elsindical.com.ar\/notas\/wp-json\/wp\/v2\/comments?post=50410"}],"version-history":[{"count":1,"href":"https:\/\/www.elsindical.com.ar\/notas\/wp-json\/wp\/v2\/posts\/50410\/revisions"}],"predecessor-version":[{"id":50412,"href":"https:\/\/www.elsindical.com.ar\/notas\/wp-json\/wp\/v2\/posts\/50410\/revisions\/50412"}],"wp:attachment":[{"href":"https:\/\/www.elsindical.com.ar\/notas\/wp-json\/wp\/v2\/media?parent=50410"}],"wp:term":[{"taxonomy":"category","embeddable":true,"href":"https:\/\/www.elsindical.com.ar\/notas\/wp-json\/wp\/v2\/categories?post=50410"},{"taxonomy":"post_tag","embeddable":true,"href":"https:\/\/www.elsindical.com.ar\/notas\/wp-json\/wp\/v2\/tags?post=50410"}],"curies":[{"name":"wp","href":"https:\/\/api.w.org\/{rel}","templated":true}]}}