{"id":50404,"date":"2015-04-11T09:02:11","date_gmt":"2015-04-11T12:02:11","guid":{"rendered":"http:\/\/www.elsindical.com.ar\/notas\/?p=50404"},"modified":"2015-04-11T09:02:11","modified_gmt":"2015-04-11T12:02:11","slug":"dario-diaz-perez-y-la-maquina-de-hacer-negocios-con-lo-publico","status":"publish","type":"post","link":"https:\/\/www.elsindical.com.ar\/notas\/dario-diaz-perez-y-la-maquina-de-hacer-negocios-con-lo-publico\/","title":{"rendered":"Dar\u00edo D\u00edaz P\u00e9rez y la m\u00e1quina de hacer negocios con lo p\u00fablico"},"content":{"rendered":"<p><a href=\"http:\/\/www.elsindical.com.ar\/notas\/var\/www\/html\/notas\/wp-content\/uploads\/2015\/04\/Villagra-y-P\u00e9rez.jpg\"><img loading=\"lazy\" decoding=\"async\" class=\"alignnone size-medium wp-image-50405\" src=\"http:\/\/www.elsindical.com.ar\/notas\/var\/www\/html\/notas\/wp-content\/uploads\/2015\/04\/Villagra-y-P\u00e9rez-300x157.jpg\" alt=\"Villagra-y-P\u00e9rez\" width=\"300\" height=\"157\" srcset=\"https:\/\/www.elsindical.com.ar\/notas\/var\/www\/html\/notas\/wp-content\/uploads\/2015\/04\/Villagra-y-P\u00e9rez-300x157.jpg 300w, https:\/\/www.elsindical.com.ar\/notas\/var\/www\/html\/notas\/wp-content\/uploads\/2015\/04\/Villagra-y-P\u00e9rez-500x262.jpg 500w, https:\/\/www.elsindical.com.ar\/notas\/var\/www\/html\/notas\/wp-content\/uploads\/2015\/04\/Villagra-y-P\u00e9rez.jpg 531w\" sizes=\"auto, (max-width: 300px) 100vw, 300px\" \/><\/a>Por estos d\u00edas, el intendente de Lan\u00fas el odont\u00f3logo Dar\u00edo D\u00edaz P\u00e9rez, realiz\u00f3 un acto en el sal\u00f3n de reuniones del segundo piso del Edificio Municipal Eva Per\u00f3n, fue el lugar de encuentro entre el intendente Dar\u00edo D\u00edaz P\u00e9rez y la CGT Regional Avellaneda Lan\u00fas. Esta \u00faltima Encabezada por H\u00e9ctor Villagra y Francisco Malvaso, secretarios Generales de UOCRA y SMATA respectivamente.<\/p>\n<p>El motivo que hicieron p\u00fablico, era el apoyo de algunos sindicalistas al intendente, una mentira m\u00e1s, ya que se sabe que el mismo se va y r\u00e1pido de la intendencia antes de que se lo investigue y se le borre la sonrisa.<\/p>\n<p>Durante los a\u00f1os de gesti\u00f3n de D\u00edaz P\u00e9rez, Lan\u00fas, tuvo una explosi\u00f3n en lo que a negocios inmobiliarios se refiere, obras por todo el partido, construcciones de edificios y torres en el centro y alrededores de Lan\u00fas, y un importante n\u00famero de accidentes en las obras que nunca fueron controladas por el sindicato UOCRA Lan\u00fas &#8211; Avellaneda, donde un par de funcionales al secretario general local H\u00e9ctor Villagra, iban a buscar \u00abla cuota\u00bb como lo ha denunciada varias veces el SITRAIC.<\/p>\n<p>Los negocios seg\u00fan pudo investigar el SITRAIC, deber\u00edan ser investigados por la justicia, por la precariedad laboral de los obreros, por la corrupci\u00f3n en los controles municipales y del sindicato, pero especialmente por el origen del dinero que se invierte en las obras, ya que podr\u00eda existir lavado de dinero.<\/p>\n","protected":false},"excerpt":{"rendered":"<p>Por estos d\u00edas, el intendente de Lan\u00fas el odont\u00f3logo Dar\u00edo D\u00edaz P\u00e9rez, realiz\u00f3 un acto en el sal\u00f3n de reuniones del segundo piso del Edificio Municipal Eva Per\u00f3n, fue el lugar de encuentro entre el intendente Dar\u00edo D\u00edaz P\u00e9rez y la CGT Regional Avellaneda Lan\u00fas. Esta \u00faltima Encabezada por H\u00e9ctor Villagra y Francisco Malvaso, secretarios&hellip;<\/p>\n","protected":false},"author":1,"featured_media":0,"comment_status":"open","ping_status":"open","sticky":false,"template":"","format":"standard","meta":{"footnotes":""},"categories":[10],"tags":[910,14779,21197,16470,209,765,9261,19158,1228],"class_list":["post-50404","post","type-post","status-publish","format-standard","hentry","category-editorial","tag-cgt","tag-dario-diaz-perez","tag-francisco-malvaso","tag-hector-villagra","tag-lanus","tag-obras","tag-sitraic","tag-smta","tag-uocra"],"_links":{"self":[{"href":"https:\/\/www.elsindical.com.ar\/notas\/wp-json\/wp\/v2\/posts\/50404","targetHints":{"allow":["GET"]}}],"collection":[{"href":"https:\/\/www.elsindical.com.ar\/notas\/wp-json\/wp\/v2\/posts"}],"about":[{"href":"https:\/\/www.elsindical.com.ar\/notas\/wp-json\/wp\/v2\/types\/post"}],"author":[{"embeddable":true,"href":"https:\/\/www.elsindical.com.ar\/notas\/wp-json\/wp\/v2\/users\/1"}],"replies":[{"embeddable":true,"href":"https:\/\/www.elsindical.com.ar\/notas\/wp-json\/wp\/v2\/comments?post=50404"}],"version-history":[{"count":1,"href":"https:\/\/www.elsindical.com.ar\/notas\/wp-json\/wp\/v2\/posts\/50404\/revisions"}],"predecessor-version":[{"id":50406,"href":"https:\/\/www.elsindical.com.ar\/notas\/wp-json\/wp\/v2\/posts\/50404\/revisions\/50406"}],"wp:attachment":[{"href":"https:\/\/www.elsindical.com.ar\/notas\/wp-json\/wp\/v2\/media?parent=50404"}],"wp:term":[{"taxonomy":"category","embeddable":true,"href":"https:\/\/www.elsindical.com.ar\/notas\/wp-json\/wp\/v2\/categories?post=50404"},{"taxonomy":"post_tag","embeddable":true,"href":"https:\/\/www.elsindical.com.ar\/notas\/wp-json\/wp\/v2\/tags?post=50404"}],"curies":[{"name":"wp","href":"https:\/\/api.w.org\/{rel}","templated":true}]}}