{"id":50399,"date":"2015-04-11T00:09:35","date_gmt":"2015-04-11T03:09:35","guid":{"rendered":"http:\/\/www.elsindical.com.ar\/notas\/?p=50399"},"modified":"2015-04-11T00:09:35","modified_gmt":"2015-04-11T03:09:35","slug":"jarabe-de-palo-en-argentina","status":"publish","type":"post","link":"https:\/\/www.elsindical.com.ar\/notas\/jarabe-de-palo-en-argentina\/","title":{"rendered":"Jarabe de Palo en Argentina"},"content":{"rendered":"<div><strong>15 de Mayo<\/p>\n<p><\/strong><\/div>\n<div><strong>JARABE DE PALO<br \/>\n<\/strong><\/div>\n<div><strong>Vuelve a Argentina<br \/>\ncon su Tour Americano 2015<\/strong><\/div>\n<div>Groove, Palermo, Av Santa F\u00e9 4389, CABA<br \/>\n<img decoding=\"async\" src=\"http:\/\/img.news.rockyreggae.com\/2277\/279\/_img\/1425043770882\/estrellas.png\" alt=\"\" border=\"0\" \/><img decoding=\"async\" src=\"http:\/\/img.news.rockyreggae.com\/2277\/279\/_img\/1425043770882\/estrellas.png\" alt=\"\" border=\"0\" \/><\/p>\n<p><img decoding=\"async\" src=\"http:\/\/img.news.rockyreggae.com\/2277\/279\/_img\/JarabedePALo.jpg\" alt=\"\" width=\"800\" border=\"0\" \/><\/div>\n<div><strong><img decoding=\"async\" src=\"http:\/\/img.news.rockyreggae.com\/2277\/279\/_img\/1425043770882\/estrellas2.png\" alt=\"\" border=\"0\" \/><br \/>\nJARABE DE PALO \u2013 TOUR AMERICANO 2015<\/strong><\/div>\n<div>2014 fue un buen a\u00f1o para Jarabe en Am\u00e9rica y tambi\u00e9n lo ser\u00e1 2015.<\/div>\n<div>Con 32 conciertos en USA. Mas de 40 en LATAM (M\u00e9xico, Puerto Rico, Guatemala, El Salvador, Costa Rica, Republica Dominicana, Colombia, Ecuador, Argentina, Chile, Uruguay y Paraguay).<\/div>\n<div>3 Nominaciones y la participaci\u00f3n en el homenaje a Serrat en los Latin Grammy Awards 2014. La elecci\u00f3n de SOMOS como uno de los 10 \u00e1lbumes de m\u00fasica latina mas destacados por la NBC NEWS.<\/div>\n<div>Jarabe de Palo llega a Buenos Aires con su banda al completo. Con nuevo repertorio, compuesto mayormente por sus \u00e9xitos (que no son pocos). Y con muchas ganas de subir al avi\u00f3n y cruzar el charco.<\/div>\n<div>Am\u00e9rica es la segunda casa de Jarabe, y la banda esta lista para visitarla de nuevo.<\/div>\n<div>El Tour Americano 2015 empieza en USA y Canad\u00e1, 36 conciertos entre Marzo y Abril. Sigue Latinoam\u00e9rica en Mayo (Argentina, Chile, Uruguay, M\u00e9xico, Panam\u00e1, Cuba y Puerto Rico). En Junio 12 conciertos en Europa (Suiza, Holanda, Alemania e Italia). El Tour Americano terminara en Espa\u00f1a a finales de Agosto y con eso la actividad de la banda en los escenarios. Y luego de nuevo al estudio. En 2016 Jarabe cumple 20 a\u00f1os y Dones, l\u00edder y compositor de la banda, 50.<\/div>\n<div>M\u00e1s info en:<br \/>\nEvento:\u00a0 <a title=\"Este enlace externo se abrir\u00e1 en una nueva ventana\" href=\"https:\/\/www.facebook.com\/events\/344017362471448\/\" target=\"_blank\">https:\/\/www.facebook.com\/events\/344017362471448\/<\/a><\/div>\n<div><a title=\"Este enlace externo se abrir\u00e1 en una nueva ventana\" href=\"https:\/\/www.facebook.com\/JarabedepaloOFICIAL\" target=\"_blank\">https:\/\/www.facebook.com\/JarabedepaloOFICIAL<\/a><\/div>\n<div><a title=\"Este enlace externo se abrir\u00e1 en una nueva ventana\" href=\"https:\/\/twitter.com\/jarabeoficial\" target=\"_blank\">https:\/\/twitter.com\/jarabeoficial<\/a><\/div>\n<div><a title=\"Este enlace externo se abrir\u00e1 en una nueva ventana\" href=\"https:\/\/www.youtube.com\/user\/JarabedepaloTV\" target=\"_blank\">https:\/\/www.youtube.com\/user\/JarabedepaloTV<\/a><\/div>\n<div><a title=\"Este enlace externo se abrir\u00e1 en una nueva ventana\" href=\"http:\/\/www.jarabedepalo.com\/\" target=\"_blank\">http:\/\/www.jarabedepalo.com\/<\/a><\/div>\n<div><\/div>\n<div>Entradas en:<br \/>\nSistema\u00a0<a title=\"Este enlace externo se abrir\u00e1 en una nueva ventana\" href=\"https:\/\/www.facebook.com\/pages\/Ticketek-Argentina\/427121434009197\" target=\"_blank\">Ticketek Argentina<\/a>:\u00a0http:\/\/www.ticketek.com.ar\/jarabe-de-palo\/groove<\/div>\n<div>Y en Locuras (Once, Flores, Mor\u00f3n) &#8211; La Cueva (Lan\u00fas-San Martin) &#8211; La Estaka (Quilmes)<\/div>\n<div>\n<img decoding=\"async\" src=\"http:\/\/img.news.rockyreggae.com\/2277\/279\/_img\/1425043770882\/estrellas2.png\" alt=\"\" border=\"0\" \/><img decoding=\"async\" src=\"http:\/\/img.news.rockyreggae.com\/2277\/279\/_img\/1425043770882\/estrellas2.png\" alt=\"\" border=\"0\" \/><\/div>\n<div>Produce: Rock y Reggae<br \/>\n<img decoding=\"async\" src=\"http:\/\/img.news.rockyreggae.com\/2277\/279\/_img\/1376685602545\/ROCKYREGGAElogo2.png\" alt=\"\" border=\"0\" \/><\/div>\n","protected":false},"excerpt":{"rendered":"<p>15 de Mayo JARABE DE PALO Vuelve a Argentina con su Tour Americano 2015 Groove, Palermo, Av Santa F\u00e9 4389, CABA JARABE DE PALO \u2013 TOUR AMERICANO 2015 2014 fue un buen a\u00f1o para Jarabe en Am\u00e9rica y tambi\u00e9n lo ser\u00e1 2015. Con 32 conciertos en USA. Mas de 40 en LATAM (M\u00e9xico, Puerto Rico,&hellip;<\/p>\n","protected":false},"author":1,"featured_media":0,"comment_status":"open","ping_status":"open","sticky":false,"template":"","format":"standard","meta":{"footnotes":""},"categories":[15],"tags":[998,13797,21196],"class_list":["post-50399","post","type-post","status-publish","format-standard","hentry","category-espectaculos","tag-gira","tag-groove","tag-jarabe-de-palo"],"_links":{"self":[{"href":"https:\/\/www.elsindical.com.ar\/notas\/wp-json\/wp\/v2\/posts\/50399","targetHints":{"allow":["GET"]}}],"collection":[{"href":"https:\/\/www.elsindical.com.ar\/notas\/wp-json\/wp\/v2\/posts"}],"about":[{"href":"https:\/\/www.elsindical.com.ar\/notas\/wp-json\/wp\/v2\/types\/post"}],"author":[{"embeddable":true,"href":"https:\/\/www.elsindical.com.ar\/notas\/wp-json\/wp\/v2\/users\/1"}],"replies":[{"embeddable":true,"href":"https:\/\/www.elsindical.com.ar\/notas\/wp-json\/wp\/v2\/comments?post=50399"}],"version-history":[{"count":1,"href":"https:\/\/www.elsindical.com.ar\/notas\/wp-json\/wp\/v2\/posts\/50399\/revisions"}],"predecessor-version":[{"id":50400,"href":"https:\/\/www.elsindical.com.ar\/notas\/wp-json\/wp\/v2\/posts\/50399\/revisions\/50400"}],"wp:attachment":[{"href":"https:\/\/www.elsindical.com.ar\/notas\/wp-json\/wp\/v2\/media?parent=50399"}],"wp:term":[{"taxonomy":"category","embeddable":true,"href":"https:\/\/www.elsindical.com.ar\/notas\/wp-json\/wp\/v2\/categories?post=50399"},{"taxonomy":"post_tag","embeddable":true,"href":"https:\/\/www.elsindical.com.ar\/notas\/wp-json\/wp\/v2\/tags?post=50399"}],"curies":[{"name":"wp","href":"https:\/\/api.w.org\/{rel}","templated":true}]}}