{"id":50396,"date":"2015-04-10T23:53:08","date_gmt":"2015-04-11T02:53:08","guid":{"rendered":"http:\/\/www.elsindical.com.ar\/notas\/?p=50396"},"modified":"2015-04-10T23:53:08","modified_gmt":"2015-04-11T02:53:08","slug":"federacion-de-sindicatos-de-trabajadores-municipales-de-la-provincia-de-buenos-aires-2","status":"publish","type":"post","link":"https:\/\/www.elsindical.com.ar\/notas\/federacion-de-sindicatos-de-trabajadores-municipales-de-la-provincia-de-buenos-aires-2\/","title":{"rendered":"Federaci\u00f3n de Sindicatos de Trabajadores Municipales de la Provincia de Buenos Aires"},"content":{"rendered":"<p><a href=\"http:\/\/www.elsindical.com.ar\/notas\/var\/www\/html\/notas\/wp-content\/uploads\/2015\/04\/Alvarado-6.jpg\"><img loading=\"lazy\" decoding=\"async\" class=\"alignnone size-medium wp-image-50397\" src=\"http:\/\/www.elsindical.com.ar\/notas\/var\/www\/html\/notas\/wp-content\/uploads\/2015\/04\/Alvarado-6-300x200.jpg\" alt=\"Alvarado-6\" width=\"300\" height=\"200\" srcset=\"https:\/\/www.elsindical.com.ar\/notas\/var\/www\/html\/notas\/wp-content\/uploads\/2015\/04\/Alvarado-6-300x200.jpg 300w, https:\/\/www.elsindical.com.ar\/notas\/var\/www\/html\/notas\/wp-content\/uploads\/2015\/04\/Alvarado-6-450x300.jpg 450w, https:\/\/www.elsindical.com.ar\/notas\/var\/www\/html\/notas\/wp-content\/uploads\/2015\/04\/Alvarado-6.jpg 620w\" sizes=\"auto, (max-width: 300px) 100vw, 300px\" \/><\/a><\/p>\n<p><em><span style=\"font-family: 'Times New Roman','serif'; font-size: 12pt;\"><span style=\"color: #000000;\">Ruggiero visit\u00f3 el Sindicato Municipal de General Alvarado y se entrevist\u00f3 con el Intendente de esa ciudad.<\/span><\/span><\/em><\/p>\n<p><span style=\"font-family: 'Times New Roman','serif'; font-size: 12pt;\"><span style=\"color: #000000;\">El Secretario General de la Federaci\u00f3n de Sindicatos de Trabajadores Municipales de la Provincia de Buenos Aires Oscar Ruggiero, visit\u00f3 el vienes 10 de abril el municipio de General Alvarado para mantener un contacto directo con representantes del Sindicato de Trabajadores Municipales de esa localidad y con su Intendente.<\/span><\/span><\/p>\n<p><span style=\"font-family: 'Times New Roman','serif'; font-size: 12pt;\"><span style=\"color: #000000;\">Acompa\u00f1ado por el Secretario federativo de Organizaci\u00f3n Marcelo Cardoso (General Pueyrred\u00f3n) y el Director Municipal del IPS H\u00e9ctor Costa, Ruggiero se entrevist\u00f3 con el Secretario General del Sindicato de Trabajadores Municipales de General Alvarado Marcelo Nicoliello, con quien repas\u00f3 la situaci\u00f3n actual del Gremio y las gestiones que desde esa entidad se llevan adelante en distintos \u00e1mbitos.<\/span><\/span><\/p>\n<p><span style=\"font-family: 'Times New Roman','serif'; font-size: 12pt;\"><span style=\"color: #000000;\">Posteriormente la comitiva a la que se sumaron dirigentes sindicales locales, mantuvo un encuentro con el Intendente Germ\u00e1n Di Cesare y el Secretario de Gobierno comunal Mart\u00edn Scarpignato.<\/span><\/span><\/p>\n<p><span style=\"font-family: 'Times New Roman','serif'; font-size: 12pt;\"><span style=\"color: #000000;\">\u201cGeneral Alvarado cuenta con un Gremio muy bien dirigido por la actual Comisi\u00f3n Directiva, quienes han hecho que crezca considerablemente y eso se refleja con la cantidad de afiliados, ya que cuando se hicieron cargo bajo la conducci\u00f3n de Marcelo Nicoliello sumaban unos 120 y ahora superan los 500\u201d adheridos, destac\u00f3 Ruggiero <\/span><\/span><\/p>\n<p><span style=\"font-family: 'Times New Roman','serif'; font-size: 12pt;\"><span style=\"color: #000000;\">El Secretario General de la FSTMPBA expres\u00f3 tambi\u00e9n el apoyo de la organizaci\u00f3n provincial al gremio local en las iniciativas que lleva adelante. \u201cEste es un Sindicato en continuo avance y que trabaja para recuperar la dignidad del trabajador municipal. Esperamos tambi\u00e9n poder hacer realidad el desarrollo de un predio recreativo en la localidad de Miramar para los trabajadores municipales, para lo que esperamos contar con la ayuda del Municipio, m\u00e1s all\u00e1 del preste nuestra Federaci\u00f3n\u201d.<\/span><\/span><\/p>\n<p><span style=\"font-family: 'Times New Roman','serif'; font-size: 12pt;\"><span style=\"color: #000000;\">Sobre la reuni\u00f3n mantenida con el Intendente de General Alvarado, Ruggiero coment\u00f3 que repasaron distintos temas referidos a la actualidad de los municipales de esa ciudad y del \u00e1mbito bonaerense. \u201cDialogamos con el Intendente De Cesare con quien nos deb\u00edamos una charla de este tipo, nos satisface que gente joven como \u00e9l se incorpore a la realidad de los municipios. Tratamos varias situaciones vinculadas a los trabajadores municipales y entre ellas repasamos el aumento salarial otorgado para este a\u00f1o, sobre lo que rescatamos que se aplica sobre el sueldo b\u00e1sico que es lo que corresponde\u201d, repas\u00f3.<\/span><\/span><\/p>\n<p><span style=\"font-family: 'Times New Roman','serif'; font-size: 12pt;\"><span style=\"color: #000000;\">Por su parte Marcelo Nicoliello, se refiri\u00f3 a la jornada compartida con los representantes de la Federaci\u00f3n Municipal. \u201cPara nosotros es muy importante este tipo de visitas y significa un respaldo a nuestra gesti\u00f3n. Muchas veces el empelado tiene dudas sobre el funcionamiento del Gremio, pero seguimos los lineamientos de nuestra organizaci\u00f3n provincial y as\u00ed tratamos de mantener un buen di\u00e1logo con el Ejecutivo, lo que no significa dejar de representar como se debe los pedidos de los compa\u00f1eros\u201d.<\/span><\/span><\/p>\n<p><span style=\"font-family: 'Times New Roman','serif'; font-size: 12pt;\"><span style=\"color: #000000;\">En cuanto a los temas tratados con las autoridades federativas, Nicoliello acompa\u00f1ado por su Secretario Adjunto Horacio Yafar sostuvo: \u201cIntercambiamos ideas, repasamos el incremento salarial que acordamos para este a\u00f1o que alcanza a 35 por ciento acumulativo sobre el sueldo b\u00e1sico. En ese sentido un 10 por ciento ya se cobr\u00f3 en marzo, otra parte se recibir\u00e1 en julio y el \u00faltimo porcentaje se aplicar\u00e1 en septiembre, aunque nuestra idea es poder achicar estos plazos, pero vale aclarar que el ingreso para un trabajador inicial quedar\u00e1 fijado en 5.000 pesos\u201d.<\/span><\/span><\/p>\n<p><span style=\"font-family: 'Times New Roman','serif'; font-size: 12pt;\"><span style=\"color: #000000;\">El Secretario General de los Municipales de General Alvarado, repas\u00f3 que entre las acciones concretadas por el Gremio, durante su gesti\u00f3n es la referida a que se fueron quitando de los haberes las bonificaciones \u201cen negro\u201d para tener un sueldo totalmente blanqueado. \u201cTambi\u00e9n aumentamos la prestaci\u00f3n de servicios a los afiliados, mejoramos nuestra sede y entre los proyectos se encuentra el de contar con una Villa Recreativa en tierras que el Municipio nos dio en comodato, para lo que Ruggiero nos dio su apoyo y le solicit\u00f3 al Intendente que nos ayude para que esto se haga realidad lo m\u00e1s r\u00e1pido posible\u201d, apunt\u00f3.<\/span><\/span><\/p>\n<p><span style=\"font-family: 'Times New Roman','serif'; font-size: 12pt;\"><span style=\"color: #000000;\">Mientras tanto el Intendente Germ\u00e1n Di Cesare, destac\u00f3 tambi\u00e9n el contacto mantenido con las autoridades de la Federaci\u00f3n Municipal y se refiri\u00f3 a la relaci\u00f3n con el Sindicato local. \u201cMantenemos una buen dialogo con el gremio, por supuesto que permanentemente traen reclamos de los trabajadores municipales y desde nuestra parte pretendemos ser serios y asumir los compromisos que podemos cumplir. En ese sentido acordamos una mejora en la asignaci\u00f3n escolar, cerramos una aumento salarial para 2015 y continuamente se procede a realizar recategorizaciones y pases a planta permanente del personal\u201d, present\u00f3 como rese\u00f1a.<\/span><\/span><\/p>\n<p><span style=\"font-family: 'Times New Roman','serif'; font-size: 12pt;\"><span style=\"color: #000000;\">Di Cesare, manifest\u00f3 que el Sindicato de Trabajadores Municipales de General Alvarado es la entidad con la \u201cnos sentamos a dialogar como representantes de los agentes comunales\u201d y agreg\u00f3 que \u201centendemos que la forma de solucionar las cosas es a trav\u00e9s del di\u00e1logo, evidentemente hay una l\u00ednea en eses sentido que se trasmite desde la Federaci\u00f3n que conduce Oscar Ruggiero, para trabajar de esa manera\u201d, afirm\u00f3.<\/span><\/span><\/p>\n<p>&nbsp;<\/p>\n","protected":false},"excerpt":{"rendered":"<p>Ruggiero visit\u00f3 el Sindicato Municipal de General Alvarado y se entrevist\u00f3 con el Intendente de esa ciudad. El Secretario General de la Federaci\u00f3n de Sindicatos de Trabajadores Municipales de la Provincia de Buenos Aires Oscar Ruggiero, visit\u00f3 el vienes 10 de abril el municipio de General Alvarado para mantener un contacto directo con representantes del&hellip;<\/p>\n","protected":false},"author":1,"featured_media":0,"comment_status":"open","ping_status":"open","sticky":false,"template":"","format":"standard","meta":{"footnotes":""},"categories":[16],"tags":[19336,21194,21195,19335],"class_list":["post-50396","post","type-post","status-publish","format-standard","hentry","category-gremiales","tag-fstmpba","tag-german-di-cesare","tag-horacio-yafar","tag-oscar-ruggiero"],"_links":{"self":[{"href":"https:\/\/www.elsindical.com.ar\/notas\/wp-json\/wp\/v2\/posts\/50396","targetHints":{"allow":["GET"]}}],"collection":[{"href":"https:\/\/www.elsindical.com.ar\/notas\/wp-json\/wp\/v2\/posts"}],"about":[{"href":"https:\/\/www.elsindical.com.ar\/notas\/wp-json\/wp\/v2\/types\/post"}],"author":[{"embeddable":true,"href":"https:\/\/www.elsindical.com.ar\/notas\/wp-json\/wp\/v2\/users\/1"}],"replies":[{"embeddable":true,"href":"https:\/\/www.elsindical.com.ar\/notas\/wp-json\/wp\/v2\/comments?post=50396"}],"version-history":[{"count":1,"href":"https:\/\/www.elsindical.com.ar\/notas\/wp-json\/wp\/v2\/posts\/50396\/revisions"}],"predecessor-version":[{"id":50398,"href":"https:\/\/www.elsindical.com.ar\/notas\/wp-json\/wp\/v2\/posts\/50396\/revisions\/50398"}],"wp:attachment":[{"href":"https:\/\/www.elsindical.com.ar\/notas\/wp-json\/wp\/v2\/media?parent=50396"}],"wp:term":[{"taxonomy":"category","embeddable":true,"href":"https:\/\/www.elsindical.com.ar\/notas\/wp-json\/wp\/v2\/categories?post=50396"},{"taxonomy":"post_tag","embeddable":true,"href":"https:\/\/www.elsindical.com.ar\/notas\/wp-json\/wp\/v2\/tags?post=50396"}],"curies":[{"name":"wp","href":"https:\/\/api.w.org\/{rel}","templated":true}]}}