{"id":50383,"date":"2015-04-10T14:19:45","date_gmt":"2015-04-10T17:19:45","guid":{"rendered":"http:\/\/www.elsindical.com.ar\/notas\/?p=50383"},"modified":"2015-04-10T14:19:45","modified_gmt":"2015-04-10T17:19:45","slug":"jorge-degli-innocenti-el-gran-hipocrita","status":"publish","type":"post","link":"https:\/\/www.elsindical.com.ar\/notas\/jorge-degli-innocenti-el-gran-hipocrita\/","title":{"rendered":"Jorge Degli Innocenti, el gran hip\u00f3crita"},"content":{"rendered":"<p><a href=\"http:\/\/www.elsindical.com.ar\/notas\/var\/www\/html\/notas\/wp-content\/uploads\/2014\/07\/Degli-despacho-HCD.jpg\"><img loading=\"lazy\" decoding=\"async\" class=\"alignnone size-medium wp-image-44031\" src=\"http:\/\/www.elsindical.com.ar\/notas\/var\/www\/html\/notas\/wp-content\/uploads\/2014\/07\/Degli-despacho-HCD-300x215.jpg\" alt=\"Degli-despacho-HCD\" width=\"300\" height=\"215\" srcset=\"https:\/\/www.elsindical.com.ar\/notas\/var\/www\/html\/notas\/wp-content\/uploads\/2014\/07\/Degli-despacho-HCD-300x215.jpg 300w, https:\/\/www.elsindical.com.ar\/notas\/var\/www\/html\/notas\/wp-content\/uploads\/2014\/07\/Degli-despacho-HCD-417x300.jpg 417w, https:\/\/www.elsindical.com.ar\/notas\/var\/www\/html\/notas\/wp-content\/uploads\/2014\/07\/Degli-despacho-HCD.jpg 502w\" sizes=\"auto, (max-width: 300px) 100vw, 300px\" \/><\/a>El patriarca de los concejales, Jorge Degli Innocenti, adem\u00e1s de ser un hip\u00f3crita capaz de mentir sin que se le mueva un m\u00fasculo de la cara (cara dura), es un gran provocador, a pesar de ser uno de los que utiliz\u00f3 el Hospital de Wilde para \u00e9l, familiares y amigas\/os teniendo obra social y no abonando nunca un peso al mismo, de atenderse todos ellos sin sacar n\u00famero y esperar, a pesar de haber provocado en las sesiones a los trabajadores del hospital, de decir que los m\u00e9dicos eran unos \u00abvagos\u00bb, hoy concurri\u00f3 a atender al hospital. Reproducimos el comunicado de prensa de los trabajadores:<\/p>\n<p><em><strong>Queremos agradecer al Concejal Jorge Degli Innocenti (FPV), a quien vemos en la foto descansando, siendo \u00e9l quien junto a otros votaron a favor del pase a provi<span class=\"text_exposed_show\">ncia del Hospital Municipal de Avellaneda Dr. Eduardo Wilde, el haber venido en el d\u00eda de la fecha, pasado el mediod\u00eda a atenderse en el Servicio de Traumatolog\u00eda de \u00e9ste nosocomio. Cordialmente le sugerimos que como cualquier ciudadano, la pr\u00f3xima saque el turno correspondiente y no ingrese por la puerta del costado. Gracias por seguir demostrando que lo que dice dista de forma kilom\u00e9trica de sus acciones. NO A LA PROVINCIALIZACION DEL HOSPITAL MUNICIPAL DE AVELLANEDA DR. EDUARDO WILDE.<\/span><\/strong><\/em><\/p>\n<p>Estos estimados vecinos y lectores son los representantes del bloque oficial, especialmente este se\u00f1or, que preside el bloque, cuando insistimos, lo correcto ser\u00eda que estuviera con licencia m\u00e9dica como ser\u00eda en el caso de cualquier otra persona, pero no, en el HCD, se le permite ser un hombre IMPUNE, decir y hacer cualquier cosa, gritar, desprestigiar y chicanear a sus pares como si \u00e9l estuviera por sobre ellos, olvidando que son IGUALES a \u00e9l, incluso algunos elegidos por vecinos que sab\u00edan lo que votaban y no como en el caso de \u00e9l, que siempre est\u00e1 en una lista s\u00e1bana.<\/p>\n<p>No pensaba igual de los trabajadores del Hospital de Wilde cuando su hija trabajaba all\u00ed, puesta a dedo y cuando abuso de la atenci\u00f3n del mismo, cuando ped\u00eda medicamentos para amigos o licencias para justificar ausentismos en el municipio.<\/p>\n<p>&nbsp;<\/p>\n<p><em><strong>Por Marcelo Ricardo Hawrylciw<\/strong><\/em><\/p>\n","protected":false},"excerpt":{"rendered":"<p>El patriarca de los concejales, Jorge Degli Innocenti, adem\u00e1s de ser un hip\u00f3crita capaz de mentir sin que se le mueva un m\u00fasculo de la cara (cara dura), es un gran provocador, a pesar de ser uno de los que utiliz\u00f3 el Hospital de Wilde para \u00e9l, familiares y amigas\/os teniendo obra social y no&hellip;<\/p>\n","protected":false},"author":1,"featured_media":0,"comment_status":"open","ping_status":"open","sticky":false,"template":"","format":"standard","meta":{"footnotes":""},"categories":[6],"tags":[1130,9708,15486],"class_list":["post-50383","post","type-post","status-publish","format-standard","hentry","category-denuncias","tag-fpv","tag-hospital-de-wilde","tag-jorge-degli-innocenti"],"_links":{"self":[{"href":"https:\/\/www.elsindical.com.ar\/notas\/wp-json\/wp\/v2\/posts\/50383","targetHints":{"allow":["GET"]}}],"collection":[{"href":"https:\/\/www.elsindical.com.ar\/notas\/wp-json\/wp\/v2\/posts"}],"about":[{"href":"https:\/\/www.elsindical.com.ar\/notas\/wp-json\/wp\/v2\/types\/post"}],"author":[{"embeddable":true,"href":"https:\/\/www.elsindical.com.ar\/notas\/wp-json\/wp\/v2\/users\/1"}],"replies":[{"embeddable":true,"href":"https:\/\/www.elsindical.com.ar\/notas\/wp-json\/wp\/v2\/comments?post=50383"}],"version-history":[{"count":1,"href":"https:\/\/www.elsindical.com.ar\/notas\/wp-json\/wp\/v2\/posts\/50383\/revisions"}],"predecessor-version":[{"id":50384,"href":"https:\/\/www.elsindical.com.ar\/notas\/wp-json\/wp\/v2\/posts\/50383\/revisions\/50384"}],"wp:attachment":[{"href":"https:\/\/www.elsindical.com.ar\/notas\/wp-json\/wp\/v2\/media?parent=50383"}],"wp:term":[{"taxonomy":"category","embeddable":true,"href":"https:\/\/www.elsindical.com.ar\/notas\/wp-json\/wp\/v2\/categories?post=50383"},{"taxonomy":"post_tag","embeddable":true,"href":"https:\/\/www.elsindical.com.ar\/notas\/wp-json\/wp\/v2\/tags?post=50383"}],"curies":[{"name":"wp","href":"https:\/\/api.w.org\/{rel}","templated":true}]}}