{"id":50312,"date":"2015-04-07T11:50:56","date_gmt":"2015-04-07T14:50:56","guid":{"rendered":"http:\/\/www.elsindical.com.ar\/notas\/?p=50312"},"modified":"2015-04-07T11:50:56","modified_gmt":"2015-04-07T14:50:56","slug":"cada-5-minutos-una-chica-menor-de-20-anos-es-mama","status":"publish","type":"post","link":"https:\/\/www.elsindical.com.ar\/notas\/cada-5-minutos-una-chica-menor-de-20-anos-es-mama\/","title":{"rendered":"Cada 5 minutos una chica menor de 20 a\u00f1os es mam\u00e1"},"content":{"rendered":"<p><em><strong><a href=\"http:\/\/www.elsindical.com.ar\/notas\/var\/www\/html\/notas\/wp-content\/uploads\/2015\/04\/embarazo-adolescente.jpg\"><img loading=\"lazy\" decoding=\"async\" class=\"alignnone size-medium wp-image-50313\" src=\"http:\/\/www.elsindical.com.ar\/notas\/var\/www\/html\/notas\/wp-content\/uploads\/2015\/04\/embarazo-adolescente-300x253.jpg\" alt=\"embarazo-adolescente\" width=\"300\" height=\"253\" srcset=\"https:\/\/www.elsindical.com.ar\/notas\/var\/www\/html\/notas\/wp-content\/uploads\/2015\/04\/embarazo-adolescente-300x253.jpg 300w, https:\/\/www.elsindical.com.ar\/notas\/var\/www\/html\/notas\/wp-content\/uploads\/2015\/04\/embarazo-adolescente-355x300.jpg 355w, https:\/\/www.elsindical.com.ar\/notas\/var\/www\/html\/notas\/wp-content\/uploads\/2015\/04\/embarazo-adolescente.jpg 443w\" sizes=\"auto, (max-width: 300px) 100vw, 300px\" \/><\/a>Embarazo adolescente. La falta de pol\u00edticas preventivas en el pa\u00eds.<\/strong>Son m\u00e1s de 117 mil al a\u00f1o en la Argentina y representan el 15% del total de los nacimientos. La cifra aument\u00f3 15% desde 2001. Afirman que el problema es consecuencia de la pobreza.<\/em><\/p>\n<p class=\"first-paragraph\">Cada d\u00eda en Argentina nacen 321 beb\u00e9s cuyas madres no llegan a los 20 a\u00f1os. Son 117.386 nacimientos al a\u00f1o, y representan el 15 por ciento del total de los que se producen en el pa\u00eds (754.603). Las cifras son oficiales, del Ministerio de Salud de la Naci\u00f3n. Para decirlo de otra manera: cada cinco minutos nace un beb\u00e9 de una mam\u00e1 menor de 20 a\u00f1os.<\/p>\n<p>Al desagregar los n\u00fameros, surge un dato que deber\u00eda provocar estupor: 3.261 de esos beb\u00e9s que nacen son paridos por nenas de entre 10 y 14 a\u00f1os. Es decir, cada d\u00eda hay nueve nenas que se convierten en mam\u00e1s. Nenas que claramente no est\u00e1n preparadas ni f\u00edsica ni emocionalmente para la maternidad, y que adem\u00e1s, como agravante, fueron abusadas.<\/p>\n<p>La cifra del embarazo de ni\u00f1as y adolescentes no s\u00f3lo no mejora, como deber\u00eda esperarse, sino que empeora. La estad\u00edstica del a\u00f1o anterior hablaba de 313 beb\u00e9s. Ahora son 321. De cada seis beb\u00e9s que nacen en Argentina uno es de una mam\u00e1 precoz \u00bfPor qu\u00e9 ocurre esto en el pa\u00eds? Hay varias cuestiones que se suman.<\/p>\n<p>\u201cLos embarazos adolescentes son una compleja problem\u00e1tica que tiene profundas ra\u00edces en la pobreza, la desigualdad entre g\u00e9neros, la violencia y la falta de educaci\u00f3n, temas en los que se est\u00e1 trabajando fuertemente en nuestro pa\u00eds. Estos factores, combinados, hacen que hoy casi el 70% de las provincias (16 de las 23) superen la tasa media de fecundidad adolescente tard\u00eda (15-19 a\u00f1os) del pa\u00eds (65,6 cada 1.000 nacimientos), y que la tasa de fecundidad adolescente temprana (10-14 a\u00f1os) sea de 1,8 cada 1000 nacidos vivos\u201d, explica Sandra V\u00e1zquez, directora Ejecutiva de Casa FUSA, un centro m\u00e9dico de atenci\u00f3n integral para la salud de adolescentes y j\u00f3venes.<\/p>\n<p>\u201cFaltan programas de prevenci\u00f3n y mejorar el acceso a los m\u00e9todos anticonceptivos\u201d, dice a Clar\u00edn Enrique Berner, jefe del Servicio de Adolescencia del Hospital Argerich, y uno de los referentes de CASA FUSA.<\/p>\n<p>El especialista tambi\u00e9n explica lo que es una constante en Argentina: que las cifras tanto del norte del pa\u00eds y como del sur de la ciudad de Buenos Aires son mucho peores, mucho m\u00e1s altas. En estos lugares no s\u00f3lo la pobreza es una de las causas m\u00e1s claras, que se suma a las complicaciones en los accesos a la salud (hay pocos centros de atenci\u00f3n, est\u00e1n alejados). Encima en el norte ocurre que \u201cson provincias restrictivas\u201d, como dice Berner, \u201cen las que no se aplica la ley de educaci\u00f3n sexual en las escuelas ni se entregan preservativos en los hospitales o centros de salud\u201d.<\/p>\n<p>Seg\u00fan el especialista, muchas veces ocurre que los preservativos en estos lugares se tiran porque est\u00e1n vencidos y nadie los reparti\u00f3: \u201cLo grave es que no se supervisa que se cumpla con algo que es una ley\u201d. El especialista resalta esto que muchas veces no se respeta: \u201cLos chicos y los adolescentes pueden ir solos a los centros de salud a pedir preservativos. Se los deben dar gratis. No tienen que ir acompa\u00f1ados por un mayor ni presentar ning\u00fan tipo de documentaci\u00f3n\u201d.<\/p>\n<p>Exactamente lo mismo puede decirse ante la urgencia de un preservativo roto. Si una chica o una pareja se presenta en cualquier hospital o centro de salud y pide anticoncepci\u00f3n de emergencia, tambi\u00e9n se la tienen que dar, con asesoramiento, y sin cuestionamientos, que es lo que suele ocurrir.<\/p>\n<p>Pero igual falta, y Berner est\u00e1 convencido que la mejor\u00eda puede venir si se incluye al var\u00f3n en todo este asunto. Desde siempre, y no s\u00f3lo por una cuesti\u00f3n corporal sino sobre todo cultural, el embarazo es cosa de mujeres.<\/p>\n<p>\u201cAc\u00e1 hay un otro que no est\u00e1 participando en los cuidados. El var\u00f3n debe saber que tambi\u00e9n es su responsabilidad cuidarse y que es vector de enfermedades. Hay que trabajar con m\u00e1s \u00e9nfasis con ellos\u201d, asegura Berner, y cuenta que en el Argerich ya avanzaron en el tema y hay un equipo de varones para atender varones. \u201cDe chiquitos a los nenes los llevan las madres al doctor, pero despu\u00e9s, ya de adolescentes, desaparecen del sistema de salud. Hay que convocarlos nuevamente\u201d.<\/p>\n<p>Cuenta Berner que en Brasil existe un Ministerio de Salud de los Hombres. Y que ya hay reuniones regionales. La idea es que el cuidado del cuerpo y la salud, propia y de otros, no deba recaer s\u00f3lo en la mujer.<\/p>\n<p>&nbsp;<\/p>\n<p><em><strong>Fuente: Clar\u00edn<\/strong><\/em><\/p>\n","protected":false},"excerpt":{"rendered":"<p>Embarazo adolescente. La falta de pol\u00edticas preventivas en el pa\u00eds.Son m\u00e1s de 117 mil al a\u00f1o en la Argentina y representan el 15% del total de los nacimientos. La cifra aument\u00f3 15% desde 2001. Afirman que el problema es consecuencia de la pobreza. Cada d\u00eda en Argentina nacen 321 beb\u00e9s cuyas madres no llegan a&hellip;<\/p>\n","protected":false},"author":1,"featured_media":0,"comment_status":"open","ping_status":"open","sticky":false,"template":"","format":"standard","meta":{"footnotes":""},"categories":[25],"tags":[2551,57,21171],"class_list":["post-50312","post","type-post","status-publish","format-standard","hentry","category-sociedad","tag-adolescente","tag-embarazo","tag-fusa"],"_links":{"self":[{"href":"https:\/\/www.elsindical.com.ar\/notas\/wp-json\/wp\/v2\/posts\/50312","targetHints":{"allow":["GET"]}}],"collection":[{"href":"https:\/\/www.elsindical.com.ar\/notas\/wp-json\/wp\/v2\/posts"}],"about":[{"href":"https:\/\/www.elsindical.com.ar\/notas\/wp-json\/wp\/v2\/types\/post"}],"author":[{"embeddable":true,"href":"https:\/\/www.elsindical.com.ar\/notas\/wp-json\/wp\/v2\/users\/1"}],"replies":[{"embeddable":true,"href":"https:\/\/www.elsindical.com.ar\/notas\/wp-json\/wp\/v2\/comments?post=50312"}],"version-history":[{"count":1,"href":"https:\/\/www.elsindical.com.ar\/notas\/wp-json\/wp\/v2\/posts\/50312\/revisions"}],"predecessor-version":[{"id":50314,"href":"https:\/\/www.elsindical.com.ar\/notas\/wp-json\/wp\/v2\/posts\/50312\/revisions\/50314"}],"wp:attachment":[{"href":"https:\/\/www.elsindical.com.ar\/notas\/wp-json\/wp\/v2\/media?parent=50312"}],"wp:term":[{"taxonomy":"category","embeddable":true,"href":"https:\/\/www.elsindical.com.ar\/notas\/wp-json\/wp\/v2\/categories?post=50312"},{"taxonomy":"post_tag","embeddable":true,"href":"https:\/\/www.elsindical.com.ar\/notas\/wp-json\/wp\/v2\/tags?post=50312"}],"curies":[{"name":"wp","href":"https:\/\/api.w.org\/{rel}","templated":true}]}}