{"id":50277,"date":"2015-04-06T15:37:46","date_gmt":"2015-04-06T18:37:46","guid":{"rendered":"http:\/\/www.elsindical.com.ar\/notas\/?p=50277"},"modified":"2015-04-06T15:37:46","modified_gmt":"2015-04-06T18:37:46","slug":"alan-schlenker-fue-condenado-a-12-anos-de-prision-por-un-crimen","status":"publish","type":"post","link":"https:\/\/www.elsindical.com.ar\/notas\/alan-schlenker-fue-condenado-a-12-anos-de-prision-por-un-crimen\/","title":{"rendered":"Alan Schlenker fue condenado a 12 a\u00f1os de prisi\u00f3n por un crimen"},"content":{"rendered":"<div><em><a href=\"http:\/\/www.elsindical.com.ar\/notas\/var\/www\/html\/notas\/wp-content\/uploads\/2015\/04\/0012433306.jpg\"><img loading=\"lazy\" decoding=\"async\" class=\"alignnone size-medium wp-image-50278\" src=\"http:\/\/www.elsindical.com.ar\/notas\/var\/www\/html\/notas\/wp-content\/uploads\/2015\/04\/0012433306-300x169.jpg\" alt=\"0012433306\" width=\"300\" height=\"169\" srcset=\"https:\/\/www.elsindical.com.ar\/notas\/var\/www\/html\/notas\/wp-content\/uploads\/2015\/04\/0012433306-300x169.jpg 300w, https:\/\/www.elsindical.com.ar\/notas\/var\/www\/html\/notas\/wp-content\/uploads\/2015\/04\/0012433306-500x282.jpg 500w, https:\/\/www.elsindical.com.ar\/notas\/var\/www\/html\/notas\/wp-content\/uploads\/2015\/04\/0012433306.jpg 531w\" sizes=\"auto, (max-width: 300px) 100vw, 300px\" \/><\/a>El Tribunal Oral N\u00b06 de San Isidro conden\u00f3 al ex l\u00edder de la barra brava de River por ser coautor <b>del asesinato de Mario Sansi, ocurrido en 2001<\/b>.<\/em><\/div>\n<div><\/div>\n<div>\n<div>El ex l\u00edder de la barra brava de River Alan Schlenker fue condenado hoy a 12 a\u00f1os de prisi\u00f3n luego de que el Tribunal Oral N\u00b0 6 de San Isidro lo declarara culpable del crimen de Mario Sansi, un supuesto vendedor de drogas que en 2001 muri\u00f3 al recibir 10 disparos.<\/div>\n<div><\/div>\n<div>La Justicia fall\u00f3 de manera un\u00e1nime y pidi\u00f3 la detenci\u00f3n inmediata de Schlenker, quien se retir\u00f3 esposado y escoltado por la polic\u00eda de la sala en la que fue juzgado. Sebasti\u00e1n Riodr\u00edguez, abogado del condenado, dijo: \u00abNo esper\u00e1bamos un fallo absolutorio porque la acusaci\u00f3n era grave, aunque consideramos que esta prueba la ten\u00eda antes de ser juzgado\u00bb.<\/div>\n<div><\/div>\n<div>El letrado consider\u00f3 que el complejo fallo se debi\u00f3 a una causa armada por Adri\u00e1n Rosseau, su ex ladero en \u00abLos Borrachos del Tabl\u00f3n\u00bb, luego devenido en oponente por una interna de dinero y poder. \u00abLos mismos que lo acusan por el crimen de Gonzalo Acro son los que lo acusan por un hecho ocurrido en Munro\u00bb, lanz\u00f3.<\/div>\n<div><\/div>\n<div>La defensa de Schlenker adelant\u00f3 que en breve presentar\u00e1n un h\u00e1beas corpus para pedir su absoluci\u00f3n porque \u00abla condena no est\u00e1 firme\u00bb, y en este contexto sentenci\u00f3: \u00abEs totalmente inocente y no hay ning\u00fan elemento de prueba que lo sindique como autor del crimen de Mario Sansi\u00bb.<\/div>\n<div><\/div>\n<div>La de hoy es la segunda condena que recibe el ex barra luego de que en septiembre de 2011 fuera penado con la cadena perpetua por el asesinato de Gonzalo Acro.<\/div>\n<div><i>\u00a0<\/i><\/div>\n<div><b>Ins\u00f3lita detenci\u00f3n<\/b><\/div>\n<div><\/div>\n<div>Alan Schlenker qued\u00f3 detenido por este caso en junio de 2011 en momentos en que declaraba ante el Tribunal Oral Criminal 15 de la Capital como acusado de instigar el crimen del hincha \u00abmillonario\u00bb Gonzalo Acro, en agosto del 2007.<\/div>\n<div><\/div>\n<div>Mario Sansi era, seg\u00fan indicaron testigos, un vendedor de drogas que en el momento del asesinato ten\u00eda apenas 21 a\u00f1os. Fue en la Villa Borges del barrio de Munro donde en medio de una emboscada recibi\u00f3 10 disparos que terminaron con su vida. Seg\u00fan comprob\u00f3 la Justicia, los mismos fueron realizados por Alan Schlenker en venganza por una pelea que el fallecido hab\u00eda tenido d\u00edas antes con William, su hermano menor.<\/div>\n<\/div>\n<div><\/div>\n","protected":false},"excerpt":{"rendered":"<p>El Tribunal Oral N\u00b06 de San Isidro conden\u00f3 al ex l\u00edder de la barra brava de River por ser coautor del asesinato de Mario Sansi, ocurrido en 2001. El ex l\u00edder de la barra brava de River Alan Schlenker fue condenado hoy a 12 a\u00f1os de prisi\u00f3n luego de que el Tribunal Oral N\u00b0 6&hellip;<\/p>\n","protected":false},"author":1,"featured_media":0,"comment_status":"open","ping_status":"open","sticky":false,"template":"","format":"standard","meta":{"footnotes":""},"categories":[20],"tags":[21160,40,21159],"class_list":["post-50277","post","type-post","status-publish","format-standard","hentry","category-judiciales","tag-alan-schenker","tag-san-isidro","tag-toc-no-6"],"_links":{"self":[{"href":"https:\/\/www.elsindical.com.ar\/notas\/wp-json\/wp\/v2\/posts\/50277","targetHints":{"allow":["GET"]}}],"collection":[{"href":"https:\/\/www.elsindical.com.ar\/notas\/wp-json\/wp\/v2\/posts"}],"about":[{"href":"https:\/\/www.elsindical.com.ar\/notas\/wp-json\/wp\/v2\/types\/post"}],"author":[{"embeddable":true,"href":"https:\/\/www.elsindical.com.ar\/notas\/wp-json\/wp\/v2\/users\/1"}],"replies":[{"embeddable":true,"href":"https:\/\/www.elsindical.com.ar\/notas\/wp-json\/wp\/v2\/comments?post=50277"}],"version-history":[{"count":1,"href":"https:\/\/www.elsindical.com.ar\/notas\/wp-json\/wp\/v2\/posts\/50277\/revisions"}],"predecessor-version":[{"id":50279,"href":"https:\/\/www.elsindical.com.ar\/notas\/wp-json\/wp\/v2\/posts\/50277\/revisions\/50279"}],"wp:attachment":[{"href":"https:\/\/www.elsindical.com.ar\/notas\/wp-json\/wp\/v2\/media?parent=50277"}],"wp:term":[{"taxonomy":"category","embeddable":true,"href":"https:\/\/www.elsindical.com.ar\/notas\/wp-json\/wp\/v2\/categories?post=50277"},{"taxonomy":"post_tag","embeddable":true,"href":"https:\/\/www.elsindical.com.ar\/notas\/wp-json\/wp\/v2\/tags?post=50277"}],"curies":[{"name":"wp","href":"https:\/\/api.w.org\/{rel}","templated":true}]}}