{"id":50274,"date":"2015-04-06T15:14:13","date_gmt":"2015-04-06T18:14:13","guid":{"rendered":"http:\/\/www.elsindical.com.ar\/notas\/?p=50274"},"modified":"2015-04-06T15:14:13","modified_gmt":"2015-04-06T18:14:13","slug":"lomas-de-zamora-masacran-a-golpes-a-anciano-dentro-de-su-vivienda","status":"publish","type":"post","link":"https:\/\/www.elsindical.com.ar\/notas\/lomas-de-zamora-masacran-a-golpes-a-anciano-dentro-de-su-vivienda\/","title":{"rendered":"Lomas de Zamora: Masacran a golpes a anciano dentro de su vivienda"},"content":{"rendered":"<p><em><a href=\"http:\/\/www.elsindical.com.ar\/notas\/var\/www\/html\/notas\/wp-content\/uploads\/2015\/04\/San-Jos\u00e9-Lomas-de-Zamora.jpg\"><img loading=\"lazy\" decoding=\"async\" class=\"alignnone size-medium wp-image-50275\" src=\"http:\/\/www.elsindical.com.ar\/notas\/var\/www\/html\/notas\/wp-content\/uploads\/2015\/04\/San-Jos\u00e9-Lomas-de-Zamora-300x182.jpg\" alt=\"San-Jos\u00e9-Lomas-de-Zamora\" width=\"300\" height=\"182\" srcset=\"https:\/\/www.elsindical.com.ar\/notas\/var\/www\/html\/notas\/wp-content\/uploads\/2015\/04\/San-Jos\u00e9-Lomas-de-Zamora-300x182.jpg 300w, https:\/\/www.elsindical.com.ar\/notas\/var\/www\/html\/notas\/wp-content\/uploads\/2015\/04\/San-Jos\u00e9-Lomas-de-Zamora-495x300.jpg 495w, https:\/\/www.elsindical.com.ar\/notas\/var\/www\/html\/notas\/wp-content\/uploads\/2015\/04\/San-Jos\u00e9-Lomas-de-Zamora.jpg 531w\" sizes=\"auto, (max-width: 300px) 100vw, 300px\" \/><\/a>Sucedi\u00f3 en la localidad bonaerense de San Jos\u00e9, en el partido de Lomas de Zamora. La v\u00edctima ten\u00eda\u00a079 a\u00f1os. Los criminales fugaron y son buscados intensamente por los pesquisas policiales. Se investiga el m\u00f3vil del asesinato.<\/em><\/p>\n<p>El cad\u00e1ver salvajemente masacrado a golpes de un anciano de 79 a\u00f1os apareci\u00f3 dentro de la vivienda habitada por el septuagenario, en un tremendo suceso que se registr\u00f3 en la localidad bonaerense de San Jos\u00e9, en el partido de Lomas de Zamora. Las autoridades policiales tratan de averiguar tanto los m\u00f3viles del asesinato como el paradero de los criminales.<\/p>\n<p>Los voceros revelaron que la infortunada v\u00edctima fue identificada como<strong> Oscar Norberto Maciel Georgini<\/strong>, de 79 a\u00f1os.<\/p>\n<p>Trascendi\u00f3 que el macabro hallazgo se produjo en el interior de una finca situada en Alemania al 4.100, casi esquina con la calle Hungr\u00eda, a unos 300 metros del denominado arroyo De Las Piedras, en la humilde zona conocida como Villa Sp\u00ednola.<\/p>\n<p>De acuerdo a lo manifestado por los informantes, el cad\u00e1ver del anciano fue encontrado en el inmueble por los pesquisas policiales de la comisar\u00eda de San Jos\u00e9 (6a de Lomas de Zamora), tras una denuncia recibida al n\u00famero telef\u00f3nico de emergencias 911. El hombre presentaba golpes en diversas partes del cuerpo, que le hab\u00edan provocado el deceso.<\/p>\n<p>Miembros de la seccional procuran localizar a los responsables del homicidio del septuagenario, que se presume se hallar\u00edan escondidos en el citado vecindario, en el sur del conurbano provincial.<\/p>\n<p>Intervinieron en la causa los funcionarios pertenecientes al departamento judicial de Lomas de Zamora.<\/p>\n<p>La muerte de Maciel Georgini es el segundo asesinato en perjuicio de un anciano consumado en Lomas de Zamora en menos de 15 d\u00edas, ya que, el 24 de marzo pasado, los integrantes de la comisar\u00eda de Llavallol encontraron el cuerpo sin vida, atado y tendido boca abajo de<strong> Juan Bautista Stasi<\/strong>, de 89 a\u00f1os, en una casa ubicada en Jacinto Viera al 300. En este il\u00edcito (que fue primicia de <em><strong>Cr\u00f3nica.com.ar<\/strong><\/em>), los investigadores consideran que el octogenario habr\u00eda sido agredido por un grupo de asaltantes, que ingres\u00f3\u00a0a la vivienda tras\u00a0forzar una reja.<\/p>\n","protected":false},"excerpt":{"rendered":"<p>Sucedi\u00f3 en la localidad bonaerense de San Jos\u00e9, en el partido de Lomas de Zamora. La v\u00edctima ten\u00eda\u00a079 a\u00f1os. Los criminales fugaron y son buscados intensamente por los pesquisas policiales. Se investiga el m\u00f3vil del asesinato. El cad\u00e1ver salvajemente masacrado a golpes de un anciano de 79 a\u00f1os apareci\u00f3 dentro de la vivienda habitada por&hellip;<\/p>\n","protected":false},"author":1,"featured_media":0,"comment_status":"open","ping_status":"open","sticky":false,"template":"","format":"standard","meta":{"footnotes":""},"categories":[22],"tags":[412,744,21158,21157,1904],"class_list":["post-50274","post","type-post","status-publish","format-standard","hentry","category-policiales","tag-anciano","tag-lomas-de-zamora","tag-masacrado","tag-oscar-norberto-maciel-georgini","tag-san-jose"],"_links":{"self":[{"href":"https:\/\/www.elsindical.com.ar\/notas\/wp-json\/wp\/v2\/posts\/50274","targetHints":{"allow":["GET"]}}],"collection":[{"href":"https:\/\/www.elsindical.com.ar\/notas\/wp-json\/wp\/v2\/posts"}],"about":[{"href":"https:\/\/www.elsindical.com.ar\/notas\/wp-json\/wp\/v2\/types\/post"}],"author":[{"embeddable":true,"href":"https:\/\/www.elsindical.com.ar\/notas\/wp-json\/wp\/v2\/users\/1"}],"replies":[{"embeddable":true,"href":"https:\/\/www.elsindical.com.ar\/notas\/wp-json\/wp\/v2\/comments?post=50274"}],"version-history":[{"count":1,"href":"https:\/\/www.elsindical.com.ar\/notas\/wp-json\/wp\/v2\/posts\/50274\/revisions"}],"predecessor-version":[{"id":50276,"href":"https:\/\/www.elsindical.com.ar\/notas\/wp-json\/wp\/v2\/posts\/50274\/revisions\/50276"}],"wp:attachment":[{"href":"https:\/\/www.elsindical.com.ar\/notas\/wp-json\/wp\/v2\/media?parent=50274"}],"wp:term":[{"taxonomy":"category","embeddable":true,"href":"https:\/\/www.elsindical.com.ar\/notas\/wp-json\/wp\/v2\/categories?post=50274"},{"taxonomy":"post_tag","embeddable":true,"href":"https:\/\/www.elsindical.com.ar\/notas\/wp-json\/wp\/v2\/tags?post=50274"}],"curies":[{"name":"wp","href":"https:\/\/api.w.org\/{rel}","templated":true}]}}