{"id":50255,"date":"2015-04-05T10:51:51","date_gmt":"2015-04-05T13:51:51","guid":{"rendered":"http:\/\/www.elsindical.com.ar\/notas\/?p=50255"},"modified":"2015-04-05T10:51:51","modified_gmt":"2015-04-05T13:51:51","slug":"si-te-quieren-vender-esta-mac-no-la-compres","status":"publish","type":"post","link":"https:\/\/www.elsindical.com.ar\/notas\/si-te-quieren-vender-esta-mac-no-la-compres\/","title":{"rendered":"Si te quieren vender esta Mac no la compres"},"content":{"rendered":"<p><em><a href=\"http:\/\/www.elsindical.com.ar\/notas\/var\/www\/html\/notas\/wp-content\/uploads\/2015\/04\/10968473.jpg\"><img loading=\"lazy\" decoding=\"async\" class=\"alignnone size-medium wp-image-50256\" src=\"http:\/\/www.elsindical.com.ar\/notas\/var\/www\/html\/notas\/wp-content\/uploads\/2015\/04\/10968473-300x225.jpg\" alt=\"10968473\" width=\"300\" height=\"225\" srcset=\"https:\/\/www.elsindical.com.ar\/notas\/var\/www\/html\/notas\/wp-content\/uploads\/2015\/04\/10968473-300x225.jpg 300w, https:\/\/www.elsindical.com.ar\/notas\/var\/www\/html\/notas\/wp-content\/uploads\/2015\/04\/10968473-399x300.jpg 399w, https:\/\/www.elsindical.com.ar\/notas\/var\/www\/html\/notas\/wp-content\/uploads\/2015\/04\/10968473.jpg 531w\" sizes=\"auto, (max-width: 300px) 100vw, 300px\" \/><\/a>Alguien que, lamentablemente, no soy yo, en este momento tiene mi Macbook. Esa que uso para laburar, editar mis audios, gestionar mis clientes, producir, pasar m\u00fasica, o simplemente pelotudear en Facebook.<\/em><\/p>\n<p>La tiene al pedo, porque est\u00e1 recontra protegida con contrase\u00f1a, iCloud y toda la boludez, pero probablemente intente vend\u00e9rtela a vos o a alguien que conoc\u00e9s. Estas m\u00e1quinas las usamos para laburar, y todos sabemos lo que cuesta tener una.<\/p>\n<p>Es una Macbook Pr<span class=\"text_exposed_show\">o de 13\u00bb de mediados del 2010, Intel Core 2 Duo a 2,66, 4 gb de RAM, disco de 500gb. Tiene apenas una marca en la tapa, pero est\u00e1 como nueva. Ninguna calco ni nada por el estilo. Sistema OSX Yosemite 10.9.4. S\u00ed le falta una patita de goma de abajo.<\/span><\/p>\n<p><span class=\"text_exposed_show\">Fij\u00e1te. Si te la quieren vender a vos, o a alguien que conoc\u00e9s, chiflame. Quiz\u00e1 sirva de algo. Y si le das compartir, sos un copado b\u00e1rbaro y te lo voy a agradecer. Mucho.<\/span><\/p>\n<p><a href=\"https:\/\/www.facebook.com\/nicocorradini\"><strong>Nico<\/strong><\/a><\/p>\n","protected":false},"excerpt":{"rendered":"<p>Alguien que, lamentablemente, no soy yo, en este momento tiene mi Macbook. Esa que uso para laburar, editar mis audios, gestionar mis clientes, producir, pasar m\u00fasica, o simplemente pelotudear en Facebook. La tiene al pedo, porque est\u00e1 recontra protegida con contrase\u00f1a, iCloud y toda la boludez, pero probablemente intente vend\u00e9rtela a vos o a alguien&hellip;<\/p>\n","protected":false},"author":1,"featured_media":0,"comment_status":"open","ping_status":"open","sticky":false,"template":"","format":"standard","meta":{"footnotes":""},"categories":[26],"tags":[21152,1673,21153],"class_list":["post-50255","post","type-post","status-publish","format-standard","hentry","category-solidaridad","tag-macbook-pro","tag-mar-del-plata","tag-nico"],"_links":{"self":[{"href":"https:\/\/www.elsindical.com.ar\/notas\/wp-json\/wp\/v2\/posts\/50255","targetHints":{"allow":["GET"]}}],"collection":[{"href":"https:\/\/www.elsindical.com.ar\/notas\/wp-json\/wp\/v2\/posts"}],"about":[{"href":"https:\/\/www.elsindical.com.ar\/notas\/wp-json\/wp\/v2\/types\/post"}],"author":[{"embeddable":true,"href":"https:\/\/www.elsindical.com.ar\/notas\/wp-json\/wp\/v2\/users\/1"}],"replies":[{"embeddable":true,"href":"https:\/\/www.elsindical.com.ar\/notas\/wp-json\/wp\/v2\/comments?post=50255"}],"version-history":[{"count":1,"href":"https:\/\/www.elsindical.com.ar\/notas\/wp-json\/wp\/v2\/posts\/50255\/revisions"}],"predecessor-version":[{"id":50257,"href":"https:\/\/www.elsindical.com.ar\/notas\/wp-json\/wp\/v2\/posts\/50255\/revisions\/50257"}],"wp:attachment":[{"href":"https:\/\/www.elsindical.com.ar\/notas\/wp-json\/wp\/v2\/media?parent=50255"}],"wp:term":[{"taxonomy":"category","embeddable":true,"href":"https:\/\/www.elsindical.com.ar\/notas\/wp-json\/wp\/v2\/categories?post=50255"},{"taxonomy":"post_tag","embeddable":true,"href":"https:\/\/www.elsindical.com.ar\/notas\/wp-json\/wp\/v2\/tags?post=50255"}],"curies":[{"name":"wp","href":"https:\/\/api.w.org\/{rel}","templated":true}]}}