{"id":50251,"date":"2015-04-05T10:32:57","date_gmt":"2015-04-05T13:32:57","guid":{"rendered":"http:\/\/www.elsindical.com.ar\/notas\/?p=50251"},"modified":"2015-04-05T10:32:57","modified_gmt":"2015-04-05T13:32:57","slug":"jorge-ferraresi-obras-politica-y-negocios","status":"publish","type":"post","link":"https:\/\/www.elsindical.com.ar\/notas\/jorge-ferraresi-obras-politica-y-negocios\/","title":{"rendered":"Jorge Ferraresi, obras, pol\u00edtica y negocios"},"content":{"rendered":"<p><a href=\"http:\/\/www.elsindical.com.ar\/notas\/var\/www\/html\/notas\/wp-content\/uploads\/2015\/04\/MDA_3322.jpg\"><img loading=\"lazy\" decoding=\"async\" class=\"alignnone size-medium wp-image-50253\" src=\"http:\/\/www.elsindical.com.ar\/notas\/var\/www\/html\/notas\/wp-content\/uploads\/2015\/04\/MDA_3322-300x197.jpg\" alt=\"MDA_3322\" width=\"300\" height=\"197\" srcset=\"https:\/\/www.elsindical.com.ar\/notas\/var\/www\/html\/notas\/wp-content\/uploads\/2015\/04\/MDA_3322-300x197.jpg 300w, https:\/\/www.elsindical.com.ar\/notas\/var\/www\/html\/notas\/wp-content\/uploads\/2015\/04\/MDA_3322-456x300.jpg 456w, https:\/\/www.elsindical.com.ar\/notas\/var\/www\/html\/notas\/wp-content\/uploads\/2015\/04\/MDA_3322.jpg 620w\" sizes=\"auto, (max-width: 300px) 100vw, 300px\" \/><\/a>El intendente de Avellaneda, Jorge Ferraresi, es de esos pol\u00edticos a los que se los comi\u00f3 un d\u00eda el personaje, mientras gasta y gasta en obras, en remodelaciones y reinauguraciones, busca instalar en el vecino de Avellaneda, ese concepto de \u00abes como todos, este roba, pero hace\u00bb. As\u00ed, muchos incautos y poco informados, creen que Ferraresi es el mal peor, pero la ignorancia siempre es mala consejera.<\/p>\n<p>Para comprender un poco la idea general, \u00bfqui\u00e9n, con un poco de criterio pagar\u00eda por algo que vale 10 pesos, 1000?, obvio que alguien que administra un dinero que no le pertenece, pero que en esa administraci\u00f3n de pagar 1000 por algo de 10, es m\u00e1s que obvio, que los 990 restantes, se dividir\u00e1n y terminaran en las cuentas de los involucrados. En estos momentos, desde El Sindical, mientras intentan desacreditarnos con operaciones medi\u00e1ticas de mercenarios por el billete, nosotros estamos preparando una denuncia penal por obras millonarias que el municipio de Avellaneda ya pag\u00f3 a constructoras vinculadas con algunos funcionarios, pero que no se realizaron, \u00bfraro no?.<\/p>\n<p>Vayamos a las \u00abpromesas\u00bb del ingeniero Jorge Ferraresi:<\/p>\n<p><em><strong>\u201cVoy a hacer una sola cosa. Voy a seguir haciendo\u201d<\/strong><\/em><\/p>\n<p>Frase casi infantil, podr\u00edamos analizarla desde la pura l\u00f3gica, pero seamos tambi\u00e9n simples, que un pol\u00edtico \u00abhaga\u00bb es muy bueno, pero mucho mejor ser\u00eda que el pol\u00edtico explique C\u00d3MO hace, si algo destaca la gesti\u00f3n de Jorge Ferraresi, es su hermetismo y negativa a informar incluso los actos de gobierno, que se sabe, son de car\u00e1cter p\u00fablico. As\u00ed por si los lectores y vecinos no lo saben, una critica constante de los concejales que no son del oficialismo, se han quejado por el hecho de que se han tratado Ordenanzas sin contar con los expedientes y un detalle de qu\u00e9 se est\u00e1 votando y c\u00f3mo se va a ejecutar, pero claro, contando con la mayor\u00eda c\u00f3mplice de los concejales oficialistas, m\u00e1s esos peque\u00f1os pol\u00edticos locales oportunistas que saben que hoy est\u00e1n y ma\u00f1ana no, se aprueban de cualquier forma, incluso sin cumplir con el reglamento interno del HCD.<\/p>\n<p><em><strong><span style=\"font-size: small;\">\u201cEs imposible hacer todas estas obras, sin la articulaci\u00f3n de los tres niveles del Estado\u201d, y agreg\u00f3: \u201cEste a\u00f1o habr\u00e1 que dar ese debate y preguntarle a los candidatos a presidente de los otros partidos, qu\u00e9 har\u00e1n con las pol\u00edticas p\u00fablicas que ha puesto en pr\u00e1ctica el gobierno nacional durante los \u00faltimos a\u00f1os\u201d.<\/span><\/strong><\/em><\/p>\n<p>Ferraresi pronuncia esta frase sabiendo que hace tiempo est\u00e1 siendo observado por no haber ejecutado todo el presupuesto girado, lo que incomoda a muchos ya que una cosa es pagar sobre precios, y quedarse con las ganancias y otra es no pagar nada y quedarse con todo. Tal vez, para los vecinos haya pasado desapercibido el hecho de que muchos de los funcionarios de otros niveles, vinculados pol\u00edticamente al intendente, fueron puestos por Julio De Vido, alguien que hace tiempo \u00abjuega\u00bb en las decisiones pol\u00edticas de Avellaneda, especialmente en la que de bajar millones se trata, o en obras para el municipio, para la UNDAV o el ACUMAR.<\/p>\n<p><em><strong>El crecimiento econ\u00f3mico a partir de la recuperaci\u00f3n del perfil productivo de la ciudad, que ha impulsado la creaci\u00f3n de 70 mil puestos de trabajo en los \u00faltimos a\u00f1os, las pol\u00edticas e inversiones en educaci\u00f3n, salud y deportes, como pilares del trabajo realizado para lograr la inclusi\u00f3n de los sectores mas postergados, la fuerte inversi\u00f3n en seguridad, la decisi\u00f3n de abordar la tem\u00e1tica de los Derechos Humanos buscando verdad y justicia, y la multiplicaci\u00f3n de las obras en cada barrio de la ciudad, con un crecimiento de la inversi\u00f3n en los \u00faltimos a\u00f1os del 1395% que ha permitido llegar con mejoras en infraestructura y servicios esenciales, como cloacas, luminarias y desag\u00fces, adem\u00e1s de las casi 2400 viviendas entregadas y las mas de 650 proyectadas para este a\u00f1o.<\/strong><\/em><\/p>\n<p>Mentiras que pronunciadas en un mon\u00f3logo pol\u00edtico donde todo lo hecho es maravilloso, la supuesta creaci\u00f3n de 70 mil puestos de trabajo, incluye a los m\u00e1s de 26 mil planes que posee el municipio, y a miles de puestos de trabajo sin las correctas inscripciones, Avellaneda presenta un \u00edndice elevado de trabajo sin registrar o registrado de forma fraudulenta, pero la complicidad del delegado local del Ministerio de Trabajo de la Provincia de Buenos Aires, permite que esta realidad continu\u00e9 sin sanciones, la excusa oficial, que cuando llegan a los lugares \u00abalguien\u00bb les avisa y los operativos terminan siendo un chiste.<\/p>\n<p>La verdadera dimensi\u00f3n de las mentiras de Ferraresi se aprecian en sus propias palabras, cuando destaca la inversi\u00f3n en educaci\u00f3n por ejemplo, son varias las instituciones educativas con serios problemas, salvo los jardines de infante nuevos, que se han construido, y que habr\u00e1 que esperar poco para que surjan los problemas, el resto de los colegios solo suelen recibir una \u00abmaquillaje\u00bb de pintura, en salud, las Unidades Sanitarias Municipales, el \u00abcaballito de batalla\u00bb del municipio para justificar el traspaso del Hospital de Wilde, promocionando que se han construido nuevas unidades, es una enorme mentira, muchas de las unidades fueron reinauguradas, pero contin\u00faan faltando personal m\u00e9dico e insumos, \u00bfpara qu\u00e9 le sirve a los vecinos una Unidad Sanitaria sin personal o insumos?, ah s\u00ed al intendente y a los concejales corruptos les sirve para la foto, en esto ayudaron mucho algunos concejales de la \u00aboposici\u00f3n\u00bb como Miriam Grai\u00f1o, que asegura que la atenci\u00f3n primaria en Avellaneda es correcta, o nunca pis\u00f3 una unidad para atenderse, es ignorante o c\u00f3mplice, cada uno que la ubique donde quiera, lo que s\u00ed podemos afirmar es que miente.<\/p>\n<p>En el tema deportes se ha mostrado mucho y se ven obras, reformas e inversi\u00f3n, pero al igual que con el resto de las obras p\u00fablicas, se ha pagado mucho m\u00e1s de lo que en el mercado valen esas obras, pero lo m\u00e1s gracioso, algunos funcionarios municipales, viendo la veta, crearon una empresa vinculada al deporte, deben hacer muchas horas extras estos funcionarios, ya que no todos podemos crear una empresa que requiere una importante inversi\u00f3n. Un funcionario, que adem\u00e1s es concejal suplente familiar del Rial de la tele, es una muestra de ahorro, con un sueldo que no llega a los 20 mil pesos, posee varios veh\u00edculos, uno que supera el mill\u00f3n de pesos, adem\u00e1s de propiedades y participaci\u00f3n en empresas, con estos funcionarios tan exitosos que de la nada hacen fortuna, Avellaneda deber\u00eda estar mucho mejor.<\/p>\n<p>La supuesta apuesta fuerte a los Derechos Humanos, es tal vez la mayor mentira de esta gesti\u00f3n, solo existe en ellos el concepto de \u00abla memoria\u00bb, pero les importa nada derechos humanos de los vecinos, como ser la salud, la protecci\u00f3n del medio ambiente, abusos institucionales, acceso a la justicia, derecho a la vida, vulnerado con cada hecho vinculado al delito que es una constante amenaza a la vida, financiar y proteger barras, tiene poco que ver con los derechos humanos.<\/p>\n<p>La cara de piedra, del intendente debe tener alg\u00fan origen, hablar como uno de los logros de desag\u00fces, en un partido que en el 2014 se inund\u00f3 m\u00e1s que a\u00f1os anteriores, nos demuestra que nos mienten en la cara, uno ha visto en las redes sociales hasta el cansancio, fotos de barrios bajo el agua, muchos por las \u00abobras de la gesti\u00f3n\u00bb, como por ejemplo en Pi\u00f1eyro donde asfaltaron una calle y olvidaron hacer los desag\u00fces, conclusi\u00f3n, la calle qued\u00f3 asfaltada y convertida en pileta.<\/p>\n<p><em><strong><span style=\"font-size: small;\">\u201cNos someteremos de nuevo a la voluntad popular\u201d<\/span><\/strong><\/em><\/p>\n<p>La t\u00edpica frase del pol\u00edtico mediocre y mentiroso, con una importante cantidad de rehenes de la pol\u00edtica actual, los que cobran planes, los \u00ab\u00f1oquis\u00bb, los que consiguen beneficios por movilizar gente a marchas y actos, sus familiares, varios empleados municipales que por apoyar la gesti\u00f3n tienen sus \u00abquintitas\u00bb, tienen un voto que podemos llamar \u00abcautivo\u00bb, algo que se ve y mucho en las provincias. No son solo los indios del norte los que votan enga\u00f1ados o son arriados en las elecciones, hay muchas formas de \u00abarriar\u00bb, de comprar voluntades, muchos vagos, apoyan a un intendente y un s\u00e9quito de corruptos, de nuevos ricos salidos del barro pisando casas en Quinta Galli o departamentos en Capital Federal.<\/p>\n<p>Someterse a la voluntad popular es administrar y tratar a todos con equidad, que un vecino sea igual a otro vecino, que todos paguen sus impuestos y obligaciones, se habla de una falsa inclusi\u00f3n cuando se asiste a personas que no reparan en gastos para distintos vicios, se\u00f1or Jorge Ferraresi, si usted est\u00e1 tan seguro, de la voluntad popular apoyando su gesti\u00f3n, termine con el clientelismo y demuestre que es algo m\u00e1s que un p\u00edcaro posando para la foto, termine con el entorno de mentiras, tiene mucho por blanquear ante los vecinos y entonces s\u00ed estar\u00e1 someti\u00e9ndose a la voluntad popular.<\/p>\n<p>&nbsp;<\/p>\n<p><em><strong>Por Marcelo Ricardo Hawrylciw<\/strong><\/em><\/p>\n","protected":false},"excerpt":{"rendered":"<p>El intendente de Avellaneda, Jorge Ferraresi, es de esos pol\u00edticos a los que se los comi\u00f3 un d\u00eda el personaje, mientras gasta y gasta en obras, en remodelaciones y reinauguraciones, busca instalar en el vecino de Avellaneda, ese concepto de \u00abes como todos, este roba, pero hace\u00bb. As\u00ed, muchos incautos y poco informados, creen que&hellip;<\/p>\n","protected":false},"author":1,"featured_media":0,"comment_status":"open","ping_status":"open","sticky":false,"template":"","format":"standard","meta":{"footnotes":""},"categories":[1,10],"tags":[13480,461,16587,1062,131,17965,4142],"class_list":["post-50251","post","type-post","status-publish","format-standard","hentry","category-destacadas","category-editorial","tag-acumar","tag-avellaneda","tag-hcd","tag-jorge-ferraresi","tag-julio-de-vido","tag-obras-publicas","tag-undav"],"_links":{"self":[{"href":"https:\/\/www.elsindical.com.ar\/notas\/wp-json\/wp\/v2\/posts\/50251","targetHints":{"allow":["GET"]}}],"collection":[{"href":"https:\/\/www.elsindical.com.ar\/notas\/wp-json\/wp\/v2\/posts"}],"about":[{"href":"https:\/\/www.elsindical.com.ar\/notas\/wp-json\/wp\/v2\/types\/post"}],"author":[{"embeddable":true,"href":"https:\/\/www.elsindical.com.ar\/notas\/wp-json\/wp\/v2\/users\/1"}],"replies":[{"embeddable":true,"href":"https:\/\/www.elsindical.com.ar\/notas\/wp-json\/wp\/v2\/comments?post=50251"}],"version-history":[{"count":2,"href":"https:\/\/www.elsindical.com.ar\/notas\/wp-json\/wp\/v2\/posts\/50251\/revisions"}],"predecessor-version":[{"id":50254,"href":"https:\/\/www.elsindical.com.ar\/notas\/wp-json\/wp\/v2\/posts\/50251\/revisions\/50254"}],"wp:attachment":[{"href":"https:\/\/www.elsindical.com.ar\/notas\/wp-json\/wp\/v2\/media?parent=50251"}],"wp:term":[{"taxonomy":"category","embeddable":true,"href":"https:\/\/www.elsindical.com.ar\/notas\/wp-json\/wp\/v2\/categories?post=50251"},{"taxonomy":"post_tag","embeddable":true,"href":"https:\/\/www.elsindical.com.ar\/notas\/wp-json\/wp\/v2\/tags?post=50251"}],"curies":[{"name":"wp","href":"https:\/\/api.w.org\/{rel}","templated":true}]}}