{"id":50243,"date":"2015-04-04T22:39:07","date_gmt":"2015-04-05T01:39:07","guid":{"rendered":"http:\/\/www.elsindical.com.ar\/notas\/?p=50243"},"modified":"2015-04-04T22:39:07","modified_gmt":"2015-04-05T01:39:07","slug":"miriam-graino-y-la-necesidad-de-la-ucr","status":"publish","type":"post","link":"https:\/\/www.elsindical.com.ar\/notas\/miriam-graino-y-la-necesidad-de-la-ucr\/","title":{"rendered":"Miriam Grai\u00f1o y la necesidad de la UCR"},"content":{"rendered":"<p><a href=\"http:\/\/www.elsindical.com.ar\/notas\/var\/www\/html\/notas\/wp-content\/uploads\/2015\/04\/Miriam-Grai\u00f1o-despacho.jpg\"><img loading=\"lazy\" decoding=\"async\" class=\"alignnone size-medium wp-image-50245\" src=\"http:\/\/www.elsindical.com.ar\/notas\/var\/www\/html\/notas\/wp-content\/uploads\/2015\/04\/Miriam-Grai\u00f1o-despacho-300x221.jpg\" alt=\"Miriam-Grai\u00f1o-despacho\" width=\"300\" height=\"221\" srcset=\"https:\/\/www.elsindical.com.ar\/notas\/var\/www\/html\/notas\/wp-content\/uploads\/2015\/04\/Miriam-Grai\u00f1o-despacho-300x221.jpg 300w, https:\/\/www.elsindical.com.ar\/notas\/var\/www\/html\/notas\/wp-content\/uploads\/2015\/04\/Miriam-Grai\u00f1o-despacho-406x300.jpg 406w, https:\/\/www.elsindical.com.ar\/notas\/var\/www\/html\/notas\/wp-content\/uploads\/2015\/04\/Miriam-Grai\u00f1o-despacho.jpg 531w\" sizes=\"auto, (max-width: 300px) 100vw, 300px\" \/><\/a><\/p>\n<p><em>Luego de un 2014, que dej\u00f3 a la UCR de Avellaneda con una negativa imagen, gracias a la labor legislativa de sus dos representantes, Miriam Grai\u00f1o y Rodrigo Galetovich, los cuales en lugar de acercar posiciones con hist\u00f3ricos radicales, provocaron una bochornosa sesi\u00f3n en el HCD, donde se incluyeron provocaciones y amenazas.<\/em><\/p>\n<p>El juego de ser oposici\u00f3n y aliado a la gesti\u00f3n de Jorge Ferraresi, tuvo un alto costo para la UCR, ya que los concejales mencionados no supieron tener la experiencia y la \u00abcintura pol\u00edtica\u00bb para manejar temas muy sensibles, donde los vecinos esperaban otra posici\u00f3n, pero las \u00abalianzas\u00bb condicionan la autonom\u00eda de aquellos que ya negociaron \u00ablevantar la manito\u00bb a determinados proyectos del ejecutivo.<\/p>\n<p>Han sido varios de los concejales de la \u00aboposici\u00f3n\u00bb los que permitieron varias de las malas decisiones pol\u00edticas, ninguno puede decir que no sab\u00eda, o que se \u00abacord\u00f3\u00bb a carpeta cerrada entre presidentes de bloque, esas reuniones tan extra\u00f1as que suele conducir el concejal Jorge Degli Innocenti, el \u00abnegociador\u00bb de Ferraresi en el HCD, ya que Hugo Barrueco prefiere una menor exposici\u00f3n y eso explica las licencias que se le suelen permitir al veterano concejal que suele actuar como si estuviera por sobre el resto de los concejales y no se comparta como lo que es, un par m\u00e1s.<\/p>\n<p>La gesti\u00f3n de Miriam Grai\u00f1o en el HCD, ha sido para el olvido, desde las mentiras en la cara de los m\u00e9dicos del Hospital de Wilde al negarles tratamientos de comisi\u00f3n que ella misma ten\u00eda en la planilla de la orden del d\u00eda, hasta su posici\u00f3n a favor de las autoridades de la Cl\u00ednica de la Dulce Espera.<\/p>\n<p>Ahora, en la necesidad de mejorar su imagen, pero especialmente la de la UCR, sale a decir que \u00abel oficialismo vive otra realidad\u00bb, tal vez, deber\u00eda sumarse a esos pol\u00edticos que viven otra realidad, ya que ella tampoco se comporta como un pol\u00edtico al servicio de los vecinos.<\/p>\n<p>Analizaremos como con el resto de los concejales sus declaraciones:<\/p>\n<p><em><strong>\u201cEl discurso del intendente me pareci\u00f3 muy num\u00e9rico en sus expresiones. Obviamente que son todos datos a confirmar los que fue dando y de cualquier manera, para m\u00ed el oficialismo sigue viviendo en otra realidad, al igual que el Gobierno nacional. Ellos emiten expresiones de que es una maravilla como est\u00e1 la ciudad y cada uno de los vecinos, los que caminamos por la zona, sabemos que no es as\u00ed\u201d<\/strong><\/em><\/p>\n<p>Hace mucho que los vecinos esperan ver a alguno de los dos concejales radicales para recriminarles su trabajo legislativo, y es una gran contradicci\u00f3n que critique al intendente cuando han acompa\u00f1ado muchos de los proyectos m\u00e1s importantes.<\/p>\n<p><em><strong>\u00a0\u201cM\u00e1s all\u00e1 de los anuncios deber\u00edamos hablar que en el tema de seguridad, nuestro distrito est\u00e1 cada vez m\u00e1s inseguro, tenemos robos constantes y la gente vive con temor. Se han hecho algunas obras, pero vos ves asfaltos que duran un a\u00f1o, o sea que como m\u00ednimo estamos invirtiendo mal porque son de mala calidad. Tambi\u00e9n hay barrios que se est\u00e1n inundando, que nunca se hab\u00edan inundado. Hay calles que fueron iluminadas, pero hay muchas m\u00e1s que faltan iluminar\u201d<\/strong><\/em><\/p>\n<p>Como buen pol\u00edtico oportunista, la concejal toca el tema de la seguridad, cuando en varias sesiones no acompa\u00f1aron pedidos de alg\u00fan sector de la oposici\u00f3n para pedir informes o proponer alguna interpelaci\u00f3n, \u00bfahora se acuerdan?. Respecto de las obras, muchas de estas se han llevado a cabo con varias irregularidades, algunas denunciadas por el concejal Ram\u00f3n Leiva, pero que por la falta de apoyo quedaron solo en eso, una denuncia m\u00e1s que pasar\u00e1 al archivo. Respecto a la calidad de las obras, es m\u00e1s de lo mismo, no es una novedad, ni un secreto que varias de las empresas contratadas para las obras tienen participaci\u00f3n de pol\u00edticos como Ferraresi, Barrueco, Magdalena Sierra, Hern\u00e1n Villagra, otros con sus \u00abcontactos\u00bb han crecido econ\u00f3micamente acaparando obras como el caso del arquitecto Gustavo Sdrubolini. Sobre esto, los radicales no han siquiera opinado.<\/p>\n<p><em><strong>La concejal radical, por \u00faltimo, expres\u00f3 que espera \u201cque el a\u00f1o electoral no frene\u201d el trabajo en el Concejo Deliberante aunque admiti\u00f3 que \u201cser\u00e1 un a\u00f1o complicado\u201d.<\/strong><\/em><\/p>\n<p>Bueno, una de las tantas \u00abmentiritas\u00bb de la concejal, \u00bfqu\u00e9 trabajo?, si hay algo que los vecinos pueden comprobar con solo ver los videos de las sesiones o escuchar el audio, es que salvo raras excepciones, es muy pobre el trabajo de los concejales y muchas veces algunos proyectos presentados no son tratados porque los que no hacen, suelen encontrar \u00aberrores\u00bb en lo que otros proponen.<\/p>\n<p>Desde el Multimedios El Sindical, seguiremos las sesiones del 2014 para poder informar a los vecinos de lo que ocurre en las sesiones, que proponen los concejales, que debaten y quien es quien en el HCD.<\/p>\n<p>&nbsp;<\/p>\n<p><em><strong>Por Marcelo Ricardo Hawrylciw<\/strong><\/em><\/p>\n<p>&nbsp;<\/p>\n","protected":false},"excerpt":{"rendered":"<p>Luego de un 2014, que dej\u00f3 a la UCR de Avellaneda con una negativa imagen, gracias a la labor legislativa de sus dos representantes, Miriam Grai\u00f1o y Rodrigo Galetovich, los cuales en lugar de acercar posiciones con hist\u00f3ricos radicales, provocaron una bochornosa sesi\u00f3n en el HCD, donde se incluyeron provocaciones y amenazas. El juego de&hellip;<\/p>\n","protected":false},"author":1,"featured_media":0,"comment_status":"open","ping_status":"open","sticky":false,"template":"","format":"standard","meta":{"footnotes":""},"categories":[10],"tags":[461,16587,21151,17603,1062,16519,15336,17609,1826],"class_list":["post-50243","post","type-post","status-publish","format-standard","hentry","category-editorial","tag-avellaneda","tag-hcd","tag-hernan-villagra","tag-hugo-barrueco","tag-jorge-ferraresi","tag-magdalena-sierra","tag-miriam-graino","tag-rodrigo-galetovich","tag-ucr"],"_links":{"self":[{"href":"https:\/\/www.elsindical.com.ar\/notas\/wp-json\/wp\/v2\/posts\/50243","targetHints":{"allow":["GET"]}}],"collection":[{"href":"https:\/\/www.elsindical.com.ar\/notas\/wp-json\/wp\/v2\/posts"}],"about":[{"href":"https:\/\/www.elsindical.com.ar\/notas\/wp-json\/wp\/v2\/types\/post"}],"author":[{"embeddable":true,"href":"https:\/\/www.elsindical.com.ar\/notas\/wp-json\/wp\/v2\/users\/1"}],"replies":[{"embeddable":true,"href":"https:\/\/www.elsindical.com.ar\/notas\/wp-json\/wp\/v2\/comments?post=50243"}],"version-history":[{"count":2,"href":"https:\/\/www.elsindical.com.ar\/notas\/wp-json\/wp\/v2\/posts\/50243\/revisions"}],"predecessor-version":[{"id":50246,"href":"https:\/\/www.elsindical.com.ar\/notas\/wp-json\/wp\/v2\/posts\/50243\/revisions\/50246"}],"wp:attachment":[{"href":"https:\/\/www.elsindical.com.ar\/notas\/wp-json\/wp\/v2\/media?parent=50243"}],"wp:term":[{"taxonomy":"category","embeddable":true,"href":"https:\/\/www.elsindical.com.ar\/notas\/wp-json\/wp\/v2\/categories?post=50243"},{"taxonomy":"post_tag","embeddable":true,"href":"https:\/\/www.elsindical.com.ar\/notas\/wp-json\/wp\/v2\/tags?post=50243"}],"curies":[{"name":"wp","href":"https:\/\/api.w.org\/{rel}","templated":true}]}}