{"id":50235,"date":"2015-04-04T20:00:44","date_gmt":"2015-04-04T23:00:44","guid":{"rendered":"http:\/\/www.elsindical.com.ar\/notas\/?p=50235"},"modified":"2015-04-04T20:00:44","modified_gmt":"2015-04-04T23:00:44","slug":"reserva-paleontologica-de-marcos-paz","status":"publish","type":"post","link":"https:\/\/www.elsindical.com.ar\/notas\/reserva-paleontologica-de-marcos-paz\/","title":{"rendered":"Reserva Paleontol\u00f3gica de Marcos Paz"},"content":{"rendered":"<p id=\"yui_3_16_0_1_1428184340406_6266\"><em><a href=\"http:\/\/www.elsindical.com.ar\/notas\/var\/www\/html\/notas\/wp-content\/uploads\/2015\/04\/r1_rd.jpg\"><img loading=\"lazy\" decoding=\"async\" class=\"alignnone size-medium wp-image-50237\" src=\"http:\/\/www.elsindical.com.ar\/notas\/var\/www\/html\/notas\/wp-content\/uploads\/2015\/04\/r1_rd-300x168.jpg\" alt=\"r1_rd\" width=\"300\" height=\"168\" srcset=\"https:\/\/www.elsindical.com.ar\/notas\/var\/www\/html\/notas\/wp-content\/uploads\/2015\/04\/r1_rd-300x168.jpg 300w, https:\/\/www.elsindical.com.ar\/notas\/var\/www\/html\/notas\/wp-content\/uploads\/2015\/04\/r1_rd-500x281.jpg 500w, https:\/\/www.elsindical.com.ar\/notas\/var\/www\/html\/notas\/wp-content\/uploads\/2015\/04\/r1_rd.jpg 531w\" sizes=\"auto, (max-width: 300px) 100vw, 300px\" \/><\/a>El intendente, Ricardo Curutchet, acomparti\u00f3 este fin de semana la jornada comunitaria en la Reserva Paleontol\u00f3gica, junto al director de Paleontolog\u00eda, David Piazza, y vecinos del barrio Lisandro de la Torre.<\/em><\/p>\n<p id=\"yui_3_16_0_1_1428184340406_6234\">Durante esta jornada, se avanz\u00f3 en la extracci\u00f3n del nuevo gliptodonte encontrado en el lugar, y se realiz\u00f3 un visita guiada para conocer distintos hallazgos, curiosidades y caracter\u00edsticas de la reserva, \u00fanica en el pa\u00eds por la cantidad de f\u00f3siles encontrados.<\/p>\n<p id=\"yui_3_16_0_1_1428184340406_6267\">El d\u00eda de ma\u00f1ana, domingo de Pascua, por otra parte, volver\u00e1 a realizarse una nueva jornada, abierta a la comunidad, desde las 17 hs (ver imagen adjunta sobre c\u00f3mo llegar).<\/p>\n<p id=\"yui_3_16_0_1_1428184340406_6272\">El d\u00eda de hoy, por otra parte, permanece abierto el Museo Municipal de Ciencias Naturales (Belgrano 2159, Marcos Paz, a una cuadra de la plaza principal), donde pueden visitarse las m\u00e1s de 1.000 piezas f\u00f3siles, correspondientes a la Era de Hielo, halladas en el Reserva, a ra\u00edz del trabajo de la Direcci\u00f3n de Paleontolog\u00eda junto cient\u00edficos de la Universidad de La Plata.<\/p>\n<p><a href=\"http:\/\/www.elsindical.com.ar\/notas\/var\/www\/html\/notas\/wp-content\/uploads\/2015\/04\/r2.jpg\"><img loading=\"lazy\" decoding=\"async\" class=\" size-medium wp-image-50236 aligncenter\" src=\"http:\/\/www.elsindical.com.ar\/notas\/var\/www\/html\/notas\/wp-content\/uploads\/2015\/04\/r2-300x146.jpg\" alt=\"r2\" width=\"300\" height=\"146\" srcset=\"https:\/\/www.elsindical.com.ar\/notas\/var\/www\/html\/notas\/wp-content\/uploads\/2015\/04\/r2-300x146.jpg 300w, https:\/\/www.elsindical.com.ar\/notas\/var\/www\/html\/notas\/wp-content\/uploads\/2015\/04\/r2-500x244.jpg 500w, https:\/\/www.elsindical.com.ar\/notas\/var\/www\/html\/notas\/wp-content\/uploads\/2015\/04\/r2.jpg 620w\" sizes=\"auto, (max-width: 300px) 100vw, 300px\" \/><\/a><\/p>\n","protected":false},"excerpt":{"rendered":"<p>El intendente, Ricardo Curutchet, acomparti\u00f3 este fin de semana la jornada comunitaria en la Reserva Paleontol\u00f3gica, junto al director de Paleontolog\u00eda, David Piazza, y vecinos del barrio Lisandro de la Torre. Durante esta jornada, se avanz\u00f3 en la extracci\u00f3n del nuevo gliptodonte encontrado en el lugar, y se realiz\u00f3 un visita guiada para conocer distintos&hellip;<\/p>\n","protected":false},"author":1,"featured_media":0,"comment_status":"open","ping_status":"open","sticky":false,"template":"","format":"standard","meta":{"footnotes":""},"categories":[25],"tags":[21145,21146,1249,21147,1907],"class_list":["post-50235","post","type-post","status-publish","format-standard","hentry","category-sociedad","tag-david-piazza","tag-lisandro-de-la-torre","tag-marcos-paz","tag-museo-municipal-de-ciencias-naturales","tag-ricardo-curutchet"],"_links":{"self":[{"href":"https:\/\/www.elsindical.com.ar\/notas\/wp-json\/wp\/v2\/posts\/50235","targetHints":{"allow":["GET"]}}],"collection":[{"href":"https:\/\/www.elsindical.com.ar\/notas\/wp-json\/wp\/v2\/posts"}],"about":[{"href":"https:\/\/www.elsindical.com.ar\/notas\/wp-json\/wp\/v2\/types\/post"}],"author":[{"embeddable":true,"href":"https:\/\/www.elsindical.com.ar\/notas\/wp-json\/wp\/v2\/users\/1"}],"replies":[{"embeddable":true,"href":"https:\/\/www.elsindical.com.ar\/notas\/wp-json\/wp\/v2\/comments?post=50235"}],"version-history":[{"count":1,"href":"https:\/\/www.elsindical.com.ar\/notas\/wp-json\/wp\/v2\/posts\/50235\/revisions"}],"predecessor-version":[{"id":50238,"href":"https:\/\/www.elsindical.com.ar\/notas\/wp-json\/wp\/v2\/posts\/50235\/revisions\/50238"}],"wp:attachment":[{"href":"https:\/\/www.elsindical.com.ar\/notas\/wp-json\/wp\/v2\/media?parent=50235"}],"wp:term":[{"taxonomy":"category","embeddable":true,"href":"https:\/\/www.elsindical.com.ar\/notas\/wp-json\/wp\/v2\/categories?post=50235"},{"taxonomy":"post_tag","embeddable":true,"href":"https:\/\/www.elsindical.com.ar\/notas\/wp-json\/wp\/v2\/tags?post=50235"}],"curies":[{"name":"wp","href":"https:\/\/api.w.org\/{rel}","templated":true}]}}