{"id":50176,"date":"2015-04-01T09:03:01","date_gmt":"2015-04-01T12:03:01","guid":{"rendered":"http:\/\/www.elsindical.com.ar\/notas\/?p=50176"},"modified":"2015-04-01T09:03:01","modified_gmt":"2015-04-01T12:03:01","slug":"la-matanza-detienen-a-peligroso-asesino-en-virrey-del-pino","status":"publish","type":"post","link":"https:\/\/www.elsindical.com.ar\/notas\/la-matanza-detienen-a-peligroso-asesino-en-virrey-del-pino\/","title":{"rendered":"La Matanza: Detienen a peligroso asesino en Virrey del Pino"},"content":{"rendered":"<p><em><a href=\"http:\/\/www.elsindical.com.ar\/notas\/var\/www\/html\/notas\/wp-content\/uploads\/2015\/04\/traslado-paraguayo-asesino.jpg\"><img loading=\"lazy\" decoding=\"async\" class=\"alignnone size-medium wp-image-50177\" src=\"http:\/\/www.elsindical.com.ar\/notas\/var\/www\/html\/notas\/wp-content\/uploads\/2015\/04\/traslado-paraguayo-asesino-300x228.jpg\" alt=\"traslado-paraguayo-asesino\" width=\"300\" height=\"228\" srcset=\"https:\/\/www.elsindical.com.ar\/notas\/var\/www\/html\/notas\/wp-content\/uploads\/2015\/04\/traslado-paraguayo-asesino-300x228.jpg 300w, https:\/\/www.elsindical.com.ar\/notas\/var\/www\/html\/notas\/wp-content\/uploads\/2015\/04\/traslado-paraguayo-asesino-394x300.jpg 394w, https:\/\/www.elsindical.com.ar\/notas\/var\/www\/html\/notas\/wp-content\/uploads\/2015\/04\/traslado-paraguayo-asesino.jpg 531w\" sizes=\"auto, (max-width: 300px) 100vw, 300px\" \/><\/a>Sucedi\u00f3 en la localidad bonaerense de Virrey del Pino, en el partido de La Matanza,\u00a0cuando el extranjero asesin\u00f3 a balazos a una chica de 18 a\u00f1os. Previamente, el marginal\u00a0hab\u00eda violado a una hermana de la fallecida. El individuo tambi\u00e9n hiri\u00f3 a disparos al padre y\u00a0a un cu\u00f1ado\u00a0de la muchacha fusilada. Se dice que el delincuente habr\u00eda actuado por bronca, ya que habr\u00eda sido amante de la madre de las j\u00f3venes.<\/em><\/p>\n<p>Un ciudadano paraguayo asesin\u00f3 salvajemente a balazos a una chica de 18 a\u00f1os, en la localidad bonaerense de Virrey del Pino, en el partido de La Matanza. El suceso se registr\u00f3 ayer y tuvo escalofriantes ribetes, ya que el extranjero tambi\u00e9n hiri\u00f3, a disparos, al padre de la v\u00edctima fatal y a un cu\u00f1ado de \u00e9sta, mientras que otra hermana de la muchacha recibi\u00f3 cortes. Momentos antes el marginal hab\u00eda violado a otra de las hermanas de la fallecida, a la que habr\u00eda sometido frente a uno de sus hijos. El peligroso maleante fue reducido por los habitantes de la zona y entregado, luego, a las autoridades policiales. Se estima que el criminal actu\u00f3 por despecho, porque, aparentemente, habr\u00eda sido amante de la madre de las j\u00f3venes.<\/p>\n<p>Los voceros revelaron que el hecho se produjo en la ma\u00f1ana de la v\u00edspera cuando el delincuente ingres\u00f3 por una ventana a una humilde finca instalada en la parte posterior de un predio situado en Ricardo Palma al 5.800, donde redujo a una mujer de 22 a\u00f1os, a la que viol\u00f3 frente a su peque\u00f1o hijo.<\/p>\n<p>En estas circunstancias, <strong>Fabi\u00e1n Fern\u00e1ndez<\/strong>, de 24 a\u00f1os y concubino de la muchacha, regres\u00f3 a la vivienda y sorprendi\u00f3 al malviviente, quien no dud\u00f3 en dispararle un tiro, hiri\u00e9ndolo en uno de los brazos. Las detonaciones fueron escuchadas por los dem\u00e1s integrantes de la familia, quienes viven en una casa ubicada en la parte delantera del terreno y que trataron de reducir al maleante.<br \/>\nSin embargo el hamp\u00f3n volvi\u00f3 a efectuar disparos, provoc\u00e1ndole la muerte a<strong> Sof\u00eda L\u00f3pez<\/strong>, de 18 a\u00f1os, quien era hermana de la mujer violada. En el altercado, el padre de las muchachas, identificado como<strong> Ricardo L\u00f3pez<\/strong>, de 54, fue herido de gravedad, al ser alcanzado por un proyectil en la regi\u00f3n tor\u00e1cica, en tanto que Ivana L\u00f3pez, de 23 -otra de las hermana de <strong>Sof\u00eda<\/strong>&#8211; padeci\u00f3 cortes en las manos.<\/p>\n<p>De inmediato, el criminal, identificado como<strong> Fredy Ram\u00f3n Ortiz Dom\u00ednguez<\/strong>, de 26 a\u00f1os, quiso escapar, pero acab\u00f3 reducido por la gente del vecindario. Posteriormente el delincuente fue trasladado detenido por los pesquisas policiales del destacamento Lavorato y de la Direcci\u00f3n Departamental de Investigaciones de La Matanza.<\/p>\n<p>Intervino en la causa el doctor<strong> Jorge Daniel Yametti<\/strong>, fiscal de la Unidad Funcional Tem\u00e1tica de Homicidios del departamento judicial de La Matanza.<\/p>\n","protected":false},"excerpt":{"rendered":"<p>Sucedi\u00f3 en la localidad bonaerense de Virrey del Pino, en el partido de La Matanza,\u00a0cuando el extranjero asesin\u00f3 a balazos a una chica de 18 a\u00f1os. Previamente, el marginal\u00a0hab\u00eda violado a una hermana de la fallecida. El individuo tambi\u00e9n hiri\u00f3 a disparos al padre y\u00a0a un cu\u00f1ado\u00a0de la muchacha fusilada. Se dice que el delincuente&hellip;<\/p>\n","protected":false},"author":1,"featured_media":0,"comment_status":"open","ping_status":"open","sticky":false,"template":"","format":"standard","meta":{"footnotes":""},"categories":[22],"tags":[786,91,21128,1401,6949],"class_list":["post-50176","post","type-post","status-publish","format-standard","hentry","category-policiales","tag-balazos","tag-detenido","tag-fabian-fernandez","tag-la-matanza","tag-virrey-del-pino"],"_links":{"self":[{"href":"https:\/\/www.elsindical.com.ar\/notas\/wp-json\/wp\/v2\/posts\/50176","targetHints":{"allow":["GET"]}}],"collection":[{"href":"https:\/\/www.elsindical.com.ar\/notas\/wp-json\/wp\/v2\/posts"}],"about":[{"href":"https:\/\/www.elsindical.com.ar\/notas\/wp-json\/wp\/v2\/types\/post"}],"author":[{"embeddable":true,"href":"https:\/\/www.elsindical.com.ar\/notas\/wp-json\/wp\/v2\/users\/1"}],"replies":[{"embeddable":true,"href":"https:\/\/www.elsindical.com.ar\/notas\/wp-json\/wp\/v2\/comments?post=50176"}],"version-history":[{"count":1,"href":"https:\/\/www.elsindical.com.ar\/notas\/wp-json\/wp\/v2\/posts\/50176\/revisions"}],"predecessor-version":[{"id":50178,"href":"https:\/\/www.elsindical.com.ar\/notas\/wp-json\/wp\/v2\/posts\/50176\/revisions\/50178"}],"wp:attachment":[{"href":"https:\/\/www.elsindical.com.ar\/notas\/wp-json\/wp\/v2\/media?parent=50176"}],"wp:term":[{"taxonomy":"category","embeddable":true,"href":"https:\/\/www.elsindical.com.ar\/notas\/wp-json\/wp\/v2\/categories?post=50176"},{"taxonomy":"post_tag","embeddable":true,"href":"https:\/\/www.elsindical.com.ar\/notas\/wp-json\/wp\/v2\/tags?post=50176"}],"curies":[{"name":"wp","href":"https:\/\/api.w.org\/{rel}","templated":true}]}}