{"id":50141,"date":"2015-03-30T21:16:19","date_gmt":"2015-03-31T00:16:19","guid":{"rendered":"http:\/\/www.elsindical.com.ar\/notas\/?p=50141"},"modified":"2015-03-31T17:57:21","modified_gmt":"2015-03-31T20:57:21","slug":"entrevista-a-juan-jose-zanola","status":"publish","type":"post","link":"https:\/\/www.elsindical.com.ar\/notas\/entrevista-a-juan-jose-zanola\/","title":{"rendered":"Entrevista a Juan Jos\u00e9 Zanola"},"content":{"rendered":"<p><a href=\"http:\/\/www.elsindical.com.ar\/notas\/var\/www\/html\/notas\/wp-content\/uploads\/2015\/03\/Juan-Jos\u00e9-Zanola-2.jpg\"><img loading=\"lazy\" decoding=\"async\" class=\"alignnone size-medium wp-image-50142\" src=\"http:\/\/www.elsindical.com.ar\/notas\/var\/www\/html\/notas\/wp-content\/uploads\/2015\/03\/Juan-Jos\u00e9-Zanola-2-300x219.jpg\" alt=\"Juan-Jos\u00e9-Zanola-2\" width=\"300\" height=\"219\" srcset=\"https:\/\/www.elsindical.com.ar\/notas\/var\/www\/html\/notas\/wp-content\/uploads\/2015\/03\/Juan-Jos\u00e9-Zanola-2-300x219.jpg 300w, https:\/\/www.elsindical.com.ar\/notas\/var\/www\/html\/notas\/wp-content\/uploads\/2015\/03\/Juan-Jos\u00e9-Zanola-2-412x300.jpg 412w, https:\/\/www.elsindical.com.ar\/notas\/var\/www\/html\/notas\/wp-content\/uploads\/2015\/03\/Juan-Jos\u00e9-Zanola-2.jpg 531w\" sizes=\"auto, (max-width: 300px) 100vw, 300px\" \/><\/a>\u00a0 <em>El 30 de marzo del 2015, entrevistamos en exclusiva a Juan Jos\u00e9 Zanola, el m\u00edtico Secretario General de La Bancaria, que terminar\u00e1 procesado y detenido, por la causa judicial que se conoce como \u00abla mafia de los medicamentos\u00bb, pesando sobre \u00e9l hoy un procesamiento y embargo sobre sus bienes por un monto millonario.<\/em><\/p>\n<p>Cuando d\u00edas pasados un grupo de delegados nos dijo que era raro que ning\u00fan medio se ocupe de saber sobre Juan Jos\u00e9 Zanola y su lento proceso judicial que hoy lleva seis a\u00f1os, con casi dos de prisi\u00f3n preventiva efectiva, hasta que pudo recuperar la libertad \u00e9l y su esposa, pero en el medio de todo el proceso, muchos datos pasaron sin publicidad. El gremio ha acompa\u00f1ado este tiempo de Zanola, y se espera en alg\u00fan momento se le reconozca su\u00a0trayectoria y todo lo hecho por los trabajadores.\u00a0Independientemente de que sea culpable o inocente, hay elementos objetivos que hacen sospechar de que la causa ha tenido m\u00e1s que ver con movidas pol\u00edticas que judiciales y el Juez federal Norberto Oyarbide, deber\u00eda explicar a la sociedad y en el Consejo de la Magistratura algunas de sus acciones respecto a medidas judiciales que hoy no se pueden reproducir o llevar adelante.<\/p>\n<p>Algunos de los considerandos en la causa se ubican en el l\u00edmite de la legalidad y la coherencia del juez de un proceso, donde todas las garant\u00edas constitucionales deben ser respetadas.<\/p>\n<p>Encontramos en Zanola a un hombre con ganas de explicar, de poder saber la verdad de todo lo que se le imputa, en esta etapa existen algunos testimonios que seguramente se esfumaran en un debate oral, tal vez por eso la causa se demora en su elevaci\u00f3n a juicio, lo que constituye un agravio al derecho de acceso a la justicia y el ejercicio de la defensa en juicio que es inviolable.<\/p>\n<p>Llama poderosamente la atenci\u00f3n, algunas medidas que no se realizaron por no haberlas ordenado el juzgado y que hacen al debido proceso, no teniendo congruencia lo actuado.<\/p>\n<p>Desde sus comienzos de la denuncia y la parte medi\u00e1tica del proceso, se apel\u00f3 m\u00e1s a generar un efecto an\u00edmico en los ciudadanos que a describir los elementos que hacen a la acusaci\u00f3n penal.<\/p>\n<p>Ning\u00fan proceso penal puede ser llevado de cualquier forma, sea culpable el imputado o no, las reglas del debido proceso, la presunci\u00f3n de inocencia y el resto de las garant\u00edas constitucionales deben ser respetadas, como los plazos para llevar la causa a juicio, seguiremos investigando esta interesante causa, donde los acusadores, pueden terminar acusados.<\/p>\n<p><iframe loading=\"lazy\" src=\"https:\/\/www.youtube.com\/embed\/YLCn6EqrOKQ\" width=\"580\" height=\"420\" frameborder=\"0\" allowfullscreen=\"allowfullscreen\"><\/iframe><iframe loading=\"lazy\" id=\"audio_4286722\" style=\"border: 1px solid #eeeeee; width: 100%; box-sizing: border-box;\" src=\"http:\/\/www.ivoox.com\/player_ej_4286722_4_1.html?c1=ff6600\" width=\"300\" height=\"200\" frameborder=\"0\" scrolling=\"no\" allowfullscreen=\"allowfullscreen\"><\/iframe><\/p>\n<p><em><strong>Por Marcelo Ricardo Hawrylciw<\/strong><\/em><\/p>\n","protected":false},"excerpt":{"rendered":"<p>\u00a0 El 30 de marzo del 2015, entrevistamos en exclusiva a Juan Jos\u00e9 Zanola, el m\u00edtico Secretario General de La Bancaria, que terminar\u00e1 procesado y detenido, por la causa judicial que se conoce como \u00abla mafia de los medicamentos\u00bb, pesando sobre \u00e9l hoy un procesamiento y embargo sobre sus bienes por un monto millonario. Cuando&hellip;<\/p>\n","protected":false},"author":1,"featured_media":0,"comment_status":"open","ping_status":"open","sticky":false,"template":"","format":"standard","meta":{"footnotes":""},"categories":[1,16],"tags":[128,5807,524,1471,2174,1382],"class_list":["post-50141","post","type-post","status-publish","format-standard","hentry","category-destacadas","category-gremiales","tag-juan-jose-zanola","tag-juez-federal-norberto-oyarbide","tag-la-bancaria","tag-mafia-de-los-medicamentos","tag-proceso","tag-secretario-general"],"_links":{"self":[{"href":"https:\/\/www.elsindical.com.ar\/notas\/wp-json\/wp\/v2\/posts\/50141","targetHints":{"allow":["GET"]}}],"collection":[{"href":"https:\/\/www.elsindical.com.ar\/notas\/wp-json\/wp\/v2\/posts"}],"about":[{"href":"https:\/\/www.elsindical.com.ar\/notas\/wp-json\/wp\/v2\/types\/post"}],"author":[{"embeddable":true,"href":"https:\/\/www.elsindical.com.ar\/notas\/wp-json\/wp\/v2\/users\/1"}],"replies":[{"embeddable":true,"href":"https:\/\/www.elsindical.com.ar\/notas\/wp-json\/wp\/v2\/comments?post=50141"}],"version-history":[{"count":4,"href":"https:\/\/www.elsindical.com.ar\/notas\/wp-json\/wp\/v2\/posts\/50141\/revisions"}],"predecessor-version":[{"id":50159,"href":"https:\/\/www.elsindical.com.ar\/notas\/wp-json\/wp\/v2\/posts\/50141\/revisions\/50159"}],"wp:attachment":[{"href":"https:\/\/www.elsindical.com.ar\/notas\/wp-json\/wp\/v2\/media?parent=50141"}],"wp:term":[{"taxonomy":"category","embeddable":true,"href":"https:\/\/www.elsindical.com.ar\/notas\/wp-json\/wp\/v2\/categories?post=50141"},{"taxonomy":"post_tag","embeddable":true,"href":"https:\/\/www.elsindical.com.ar\/notas\/wp-json\/wp\/v2\/tags?post=50141"}],"curies":[{"name":"wp","href":"https:\/\/api.w.org\/{rel}","templated":true}]}}