{"id":50089,"date":"2015-03-28T10:50:08","date_gmt":"2015-03-28T13:50:08","guid":{"rendered":"http:\/\/www.elsindical.com.ar\/notas\/?p=50089"},"modified":"2015-03-28T10:50:08","modified_gmt":"2015-03-28T13:50:08","slug":"arroyo-salgado-recuso-a-la-fiscal-fein","status":"publish","type":"post","link":"https:\/\/www.elsindical.com.ar\/notas\/arroyo-salgado-recuso-a-la-fiscal-fein\/","title":{"rendered":"Arroyo Salgado recus\u00f3 a la Fiscal Fein"},"content":{"rendered":"<p><em><a href=\"http:\/\/www.elsindical.com.ar\/notas\/var\/www\/html\/notas\/wp-content\/uploads\/2015\/03\/0001250945.jpg\"><img loading=\"lazy\" decoding=\"async\" class=\"alignnone size-medium wp-image-50090\" src=\"http:\/\/www.elsindical.com.ar\/notas\/var\/www\/html\/notas\/wp-content\/uploads\/2015\/03\/0001250945-300x170.jpg\" alt=\"0001250945\" width=\"300\" height=\"170\" srcset=\"https:\/\/www.elsindical.com.ar\/notas\/var\/www\/html\/notas\/wp-content\/uploads\/2015\/03\/0001250945-300x170.jpg 300w, https:\/\/www.elsindical.com.ar\/notas\/var\/www\/html\/notas\/wp-content\/uploads\/2015\/03\/0001250945-500x284.jpg 500w, https:\/\/www.elsindical.com.ar\/notas\/var\/www\/html\/notas\/wp-content\/uploads\/2015\/03\/0001250945.jpg 620w\" sizes=\"auto, (max-width: 300px) 100vw, 300px\" \/><\/a>La jueza y ex esposa de Alberto Nisman confirm\u00f3 hoy que recus\u00f3 a la fiscal, a quien atac\u00f3 en duros t\u00e9rminos. \u00abEst\u00e1 llevando adelante la investigaci\u00f3n con una falta total de objetividad, de legalidad, de neutralidad y de oficialidad\u00bb, se\u00f1al\u00f3.<\/em><\/p>\n<p>La jueza <b>Sandra Arroyo Salgado, ex esposa de Alberto Nisman<\/b>, pidi\u00f3 formalmente la <b>recusaci\u00f3n de Viviana Fein<\/b>, en la causa que investiga la muerte de quien estaba a cargo de la UFI-AMIA, y asegur\u00f3 que la fiscal \u00abmiente en el expediente\u00bb.<\/p>\n<p>La magistrada confirm\u00f3 esta ma\u00f1ana que ayer, a \u00faltima hora, present\u00f3 ante el juzgado de la jueza Fabiana Palmaghini, a cargo de la causa, el escrito por el cual solicit\u00f3 el apartamiento de Fein, a la que acus\u00f3 de llevar la investigaci\u00f3n \u00abcon una falta total de objetividad, de legalidad, de neutralidad y de oficialidad\u00bb.<\/p>\n<p>\u00abRecusamos a la fiscal ayer a \u00faltima hora porque entendemos que est\u00e1 conduciendo la investigaci\u00f3n con un inter\u00e9s manifiesto en el resultado del proceso. Desde un principio se ha cerrado a una hip\u00f3tesis, que es sobre la base que ella exclusivamente est\u00e1 llevando toda la investigaci\u00f3n. No est\u00e1 atendiendo a todas las hip\u00f3tesis posibles, ella se aferra a probar en todo su trabajo que esto fue un suicidio. Ella est\u00e1 llevando adelante la investigaci\u00f3n con una<b> falta total de objetividad, de legalidad, de neutralidad y de oficialidad<\/b>\u00ab, se\u00f1al\u00f3.<\/p>\n<p>Durante una extensa entrevista con radio <i>Mitre<\/i>, la jueza cuestion\u00f3 duramente a la fiscal, y dijo que \u00abmiente en el expediente\u00bb, en referencia a la designaci\u00f3n del perito criminal\u00edstico <b>Enrique Prueger<\/b>, quien tambi\u00e9n fue recusado por la querella.<\/p>\n<p>\u00ab<b>El secretario y la fiscal incurren en una falsedad ideol\u00f3gica de un instrumento p\u00fablico<\/b>, y estoy evaluando si esto no amerita una denucnia correspondiente, porque ocultan en el expediente un llamado previo, lo plantean como una presentaci\u00f3n espont\u00e1nea en la fiscal\u00eda. <b>Miente en el expediente, no dice c\u00f3mo fue la incorporaci\u00f3n del perito<\/b>\u00ab, explic\u00f3.<\/p>\n<p>Asimismo, cuestion\u00f3 varias de las decisiones de Fein, y afirm\u00f3 que \u00abse preocup\u00f3 en contribuir a un circo de desprestigio p\u00fablico, medi\u00e1tico, de denostaci\u00f3n de la imagen de Nisman, m\u00e1s que a ver la evidencia f\u00edsica y cient\u00edficamente comprobable si esto fue un suicidio o un homicidio.<\/p>\n<p>\u00abTodo este tiempo que se est\u00e1 perdiendo, no se toma conciencia \u00a0es que contribuye a la impunidad de los responsables, pero esto sucede desde el primer momento\u00bb, agreg\u00f3.<\/p>\n<p><b><br \/>\nLas frases m\u00e1s destacadas <\/b><\/p>\n<p>&#8211; \u00abEsta muerte fue un homicidio, y no es ajena al contexto pol\u00edtico internacional y local que se viv\u00eda en ese momento, y se vive\u00bb.<\/p>\n<p>-\u00ab(Fein) Tuvo toda una sucesi\u00f3n de conductas procesales en el expediente y en los medios de comunicaci\u00f3n que denota que tiene un inter\u00e9s manifiesto en el resultado de este proceso\u00bb.<\/p>\n<p>-\u00abNo podemos desatender el contexto en el que Nisman aparece muerto. Eran 48 horas antes de su convocatoria formal a la comisi\u00f3n de Justicia del Congreso que se le hab\u00eda cursado con motivo de la denuncia penal que cuatro d\u00edas antes \u00e9l hab\u00eda formulado\u00bb<\/p>\n<p>&#8211; \u00abMe parece muy triste, muy lamentable. Esto me afecta porque nadie tiene en cuenta a las dos hijas que tengo con Nisman, es muy doloroso para m\u00ed, y as\u00ed se lo transmit\u00ed a ciertos funcionarios. Me gustar\u00eda mucho que se investigue qui\u00e9n se dedica a hacer afiches en la v\u00eda p\u00fablica, que no s\u00e9 cu\u00e1l es el objeto, afectando a la vida privada de \u00e9l\u00bb.<\/p>\n<p>-Sobre el jefe de Gabinete, An\u00edbal Fern\u00e1ndez: \u00abDesde el momento mismo que me hice cargo del juzgado federal de San Isidro me consta de manera directa su distinta educaci\u00f3n y formaci\u00f3n, y el modo que suele dirigirse irrespetuosamente a las personas, y fue un tema que en su momento discut\u00ed con Alberto Nisman\u00bb<\/p>\n<p>&#8211; \u00abLa diputada Diana Conti le mandara mensajes p\u00fablicamente a mi hija de 15 a\u00f1os me parece que no corresponde. P\u00fablicamente. Ella dec\u00eda &#8216;y d\u00edganle a la hija de Nisman que no se preocupe&#8217;. Tuve que explicarle a mi hija\u00bb.<\/p>\n<p>&#8211; \u00abNo voy a polemizar con un estilo de ejercicio de la funci\u00f3n p\u00fablica con el que no estoy de acuerdo, y que pasa por la educaci\u00f3n de cada uno\u00bb.<\/p>\n<p>&#8211; \u00abNo voy a polemizar con un estilo de ejercicio de la funci\u00f3n p\u00fablica con el que no estoy de acuerdo, y que pasa por la educaci\u00f3n de cada uno\u00bb.<\/p>\n<p>-\u00abCuando Lagomarsino se presenta espont\u00e1neamente a declarar en la fiscal\u00eda, su testimonio tiene dos hojas, y hay cuestiones en su relato que en mi opini\u00f3n, y del conocimiento que tuve de \u00e9l, no me cierran. Hay cuestiones que est\u00e1 faltando a la verdad\u00bb.<\/p>\n","protected":false},"excerpt":{"rendered":"<p>La jueza y ex esposa de Alberto Nisman confirm\u00f3 hoy que recus\u00f3 a la fiscal, a quien atac\u00f3 en duros t\u00e9rminos. \u00abEst\u00e1 llevando adelante la investigaci\u00f3n con una falta total de objetividad, de legalidad, de neutralidad y de oficialidad\u00bb, se\u00f1al\u00f3. La jueza Sandra Arroyo Salgado, ex esposa de Alberto Nisman, pidi\u00f3 formalmente la recusaci\u00f3n de&hellip;<\/p>\n","protected":false},"author":1,"featured_media":0,"comment_status":"open","ping_status":"open","sticky":false,"template":"","format":"standard","meta":{"footnotes":""},"categories":[20],"tags":[967,475,178,21110,1663,21109],"class_list":["post-50089","post","type-post","status-publish","format-standard","hentry","category-judiciales","tag-alberto-nisman","tag-amia","tag-diana-conti","tag-sandra-arroyo-slagado","tag-ufi","tag-viviana-fein"],"_links":{"self":[{"href":"https:\/\/www.elsindical.com.ar\/notas\/wp-json\/wp\/v2\/posts\/50089","targetHints":{"allow":["GET"]}}],"collection":[{"href":"https:\/\/www.elsindical.com.ar\/notas\/wp-json\/wp\/v2\/posts"}],"about":[{"href":"https:\/\/www.elsindical.com.ar\/notas\/wp-json\/wp\/v2\/types\/post"}],"author":[{"embeddable":true,"href":"https:\/\/www.elsindical.com.ar\/notas\/wp-json\/wp\/v2\/users\/1"}],"replies":[{"embeddable":true,"href":"https:\/\/www.elsindical.com.ar\/notas\/wp-json\/wp\/v2\/comments?post=50089"}],"version-history":[{"count":1,"href":"https:\/\/www.elsindical.com.ar\/notas\/wp-json\/wp\/v2\/posts\/50089\/revisions"}],"predecessor-version":[{"id":50091,"href":"https:\/\/www.elsindical.com.ar\/notas\/wp-json\/wp\/v2\/posts\/50089\/revisions\/50091"}],"wp:attachment":[{"href":"https:\/\/www.elsindical.com.ar\/notas\/wp-json\/wp\/v2\/media?parent=50089"}],"wp:term":[{"taxonomy":"category","embeddable":true,"href":"https:\/\/www.elsindical.com.ar\/notas\/wp-json\/wp\/v2\/categories?post=50089"},{"taxonomy":"post_tag","embeddable":true,"href":"https:\/\/www.elsindical.com.ar\/notas\/wp-json\/wp\/v2\/tags?post=50089"}],"curies":[{"name":"wp","href":"https:\/\/api.w.org\/{rel}","templated":true}]}}