{"id":50086,"date":"2015-03-28T09:47:29","date_gmt":"2015-03-28T12:47:29","guid":{"rendered":"http:\/\/www.elsindical.com.ar\/notas\/?p=50086"},"modified":"2015-03-28T09:47:29","modified_gmt":"2015-03-28T12:47:29","slug":"paro-de-la-linea-180-tras-un-tiroteo-a-bordo-de-una-unidad","status":"publish","type":"post","link":"https:\/\/www.elsindical.com.ar\/notas\/paro-de-la-linea-180-tras-un-tiroteo-a-bordo-de-una-unidad\/","title":{"rendered":"Paro de la l\u00ednea 180 tras un tiroteo a bordo de una unidad"},"content":{"rendered":"<p class=\"p1 newDetailTextChange\"><em><a href=\"http:\/\/www.elsindical.com.ar\/notas\/var\/www\/html\/notas\/wp-content\/uploads\/2015\/03\/l\u00ednea-180.jpg\"><img loading=\"lazy\" decoding=\"async\" class=\"alignnone size-medium wp-image-50087\" src=\"http:\/\/www.elsindical.com.ar\/notas\/var\/www\/html\/notas\/wp-content\/uploads\/2015\/03\/l\u00ednea-180-300x203.jpg\" alt=\"l\u00ednea-180\" width=\"300\" height=\"203\" srcset=\"https:\/\/www.elsindical.com.ar\/notas\/var\/www\/html\/notas\/wp-content\/uploads\/2015\/03\/l\u00ednea-180-300x203.jpg 300w, https:\/\/www.elsindical.com.ar\/notas\/var\/www\/html\/notas\/wp-content\/uploads\/2015\/03\/l\u00ednea-180-444x300.jpg 444w, https:\/\/www.elsindical.com.ar\/notas\/var\/www\/html\/notas\/wp-content\/uploads\/2015\/03\/l\u00ednea-180.jpg 502w\" sizes=\"auto, (max-width: 300px) 100vw, 300px\" \/><\/a>Los choferes reclaman m\u00e1s seguridad. En la noche del jueves hubo un ataque a una unidad en la villa Puerta de Hierro, La Matanza.<\/em><\/p>\n<p class=\"p1 newDetailTextChange\"><strong>Choferes de la linea 180 y todos sus internos (630 y 155) est\u00e1n de paro<\/strong> y reclaman m\u00e1s seguridad tras sufrir un nuevo ataque. El servicio cubre el recorrido que parte desde el Correo Central y finaliza en Gonz\u00e1lez Cat\u00e1n, atravesando la Capital Federal.<\/p>\n<p>Anoche, se produjo un tiroteo en pleno recorrido de la l\u00ednea 180. <b>El hecho ocurri\u00f3 en la villa Puerta de Hierro<\/b>, una de las m\u00e1s peligrosas del conurbano, ubicada entre San Justo y Ciudad Evita.<\/p>\n<p class=\"p1 newDetailTextChange\">Desde la empresa \u00abLa vecinal de la matanza SA\u00bb, informaron que <b>el recorrido es \u00ababsolutamente peligroso\u00bb<\/b> y que est\u00e1n cansados de ser v\u00edctimas de la inseguridad. <b>Adem\u00e1s, confirmaron a Diario Popular que el chofer se encuentra fuera de peligro.<\/b><\/p>\n","protected":false},"excerpt":{"rendered":"<p>Los choferes reclaman m\u00e1s seguridad. En la noche del jueves hubo un ataque a una unidad en la villa Puerta de Hierro, La Matanza. Choferes de la linea 180 y todos sus internos (630 y 155) est\u00e1n de paro y reclaman m\u00e1s seguridad tras sufrir un nuevo ataque. El servicio cubre el recorrido que parte&hellip;<\/p>\n","protected":false},"author":1,"featured_media":0,"comment_status":"open","ping_status":"open","sticky":false,"template":"","format":"standard","meta":{"footnotes":""},"categories":[25],"tags":[1401,21108,21107],"class_list":["post-50086","post","type-post","status-publish","format-standard","hentry","category-sociedad","tag-la-matanza","tag-linea-180","tag-villa-puerta-de-hierro"],"_links":{"self":[{"href":"https:\/\/www.elsindical.com.ar\/notas\/wp-json\/wp\/v2\/posts\/50086","targetHints":{"allow":["GET"]}}],"collection":[{"href":"https:\/\/www.elsindical.com.ar\/notas\/wp-json\/wp\/v2\/posts"}],"about":[{"href":"https:\/\/www.elsindical.com.ar\/notas\/wp-json\/wp\/v2\/types\/post"}],"author":[{"embeddable":true,"href":"https:\/\/www.elsindical.com.ar\/notas\/wp-json\/wp\/v2\/users\/1"}],"replies":[{"embeddable":true,"href":"https:\/\/www.elsindical.com.ar\/notas\/wp-json\/wp\/v2\/comments?post=50086"}],"version-history":[{"count":1,"href":"https:\/\/www.elsindical.com.ar\/notas\/wp-json\/wp\/v2\/posts\/50086\/revisions"}],"predecessor-version":[{"id":50088,"href":"https:\/\/www.elsindical.com.ar\/notas\/wp-json\/wp\/v2\/posts\/50086\/revisions\/50088"}],"wp:attachment":[{"href":"https:\/\/www.elsindical.com.ar\/notas\/wp-json\/wp\/v2\/media?parent=50086"}],"wp:term":[{"taxonomy":"category","embeddable":true,"href":"https:\/\/www.elsindical.com.ar\/notas\/wp-json\/wp\/v2\/categories?post=50086"},{"taxonomy":"post_tag","embeddable":true,"href":"https:\/\/www.elsindical.com.ar\/notas\/wp-json\/wp\/v2\/tags?post=50086"}],"curies":[{"name":"wp","href":"https:\/\/api.w.org\/{rel}","templated":true}]}}