{"id":50050,"date":"2015-03-26T09:52:37","date_gmt":"2015-03-26T12:52:37","guid":{"rendered":"http:\/\/www.elsindical.com.ar\/notas\/?p=50050"},"modified":"2015-03-26T17:40:55","modified_gmt":"2015-03-26T20:40:55","slug":"entrevista-a-susana-scarpatti-y-luciano-santino","status":"publish","type":"post","link":"https:\/\/www.elsindical.com.ar\/notas\/entrevista-a-susana-scarpatti-y-luciano-santino\/","title":{"rendered":"Entrevista a Susana Scarpatti y Luciano Santoni"},"content":{"rendered":"<p><a href=\"http:\/\/www.elsindical.com.ar\/notas\/var\/www\/html\/notas\/wp-content\/uploads\/2015\/03\/Susana-y-Luciano.jpg\"><img loading=\"lazy\" decoding=\"async\" class=\"alignnone size-medium wp-image-50051\" src=\"http:\/\/www.elsindical.com.ar\/notas\/var\/www\/html\/notas\/wp-content\/uploads\/2015\/03\/Susana-y-Luciano-300x164.jpg\" alt=\"Susana-y-Luciano\" width=\"300\" height=\"164\" srcset=\"https:\/\/www.elsindical.com.ar\/notas\/var\/www\/html\/notas\/wp-content\/uploads\/2015\/03\/Susana-y-Luciano-300x164.jpg 300w, https:\/\/www.elsindical.com.ar\/notas\/var\/www\/html\/notas\/wp-content\/uploads\/2015\/03\/Susana-y-Luciano-500x273.jpg 500w, https:\/\/www.elsindical.com.ar\/notas\/var\/www\/html\/notas\/wp-content\/uploads\/2015\/03\/Susana-y-Luciano.jpg 620w\" sizes=\"auto, (max-width: 300px) 100vw, 300px\" \/><\/a> Entrevistamos a la dirigente del PRO local, Susana Scarpatti y a Luciano Santoni, respecto a la propuesta y proyecto sobre PYMES, como una forma estimular a la peque\u00f1a y mediana empresa, lo que activar\u00eda la econom\u00eda local, con una proyecci\u00f3n positiva sobre la recaudaci\u00f3n.<\/p>\n<p>Durante la entrevista desde El Sindical, pudimos preguntar por el actual maneja de algunas cooperativas, que con la intervenci\u00f3n de algunos pol\u00edticos y oportunistas han desvirtuado el origen de las mismas como una forma de conservar la fuente de empleo y que los trabajadores puedan gestionar las empresas y hacer uso de sus maquinarias. Esta nueva forma de \u00abfraude laboral\u00bb, repercute de manera negativa en las PYMES, ya que recursos que podr\u00edan destinarse a estas, terminan derivados en estas \u00abcooperativas\u00bb con socios que no son trabajadores, que muchas veces ni se presentan en el lugar y que solo administran y gestionan los recursos.<\/p>\n<p><iframe loading=\"lazy\" src=\"https:\/\/www.youtube.com\/embed\/fQkE4mivT1E\" width=\"580\" height=\"420\" frameborder=\"0\" allowfullscreen=\"allowfullscreen\"><\/iframe><\/p>\n","protected":false},"excerpt":{"rendered":"<p>Entrevistamos a la dirigente del PRO local, Susana Scarpatti y a Luciano Santoni, respecto a la propuesta y proyecto sobre PYMES, como una forma estimular a la peque\u00f1a y mediana empresa, lo que activar\u00eda la econom\u00eda local, con una proyecci\u00f3n positiva sobre la recaudaci\u00f3n. Durante la entrevista desde El Sindical, pudimos preguntar por el actual&hellip;<\/p>\n","protected":false},"author":1,"featured_media":0,"comment_status":"open","ping_status":"open","sticky":false,"template":"","format":"standard","meta":{"footnotes":""},"categories":[13],"tags":[461,8321,22023,3251,1882,328,16877,20711],"class_list":["post-50050","post","type-post","status-publish","format-standard","hentry","category-politica","tag-avellaneda","tag-cooperativas","tag-economia","tag-el-sindical","tag-entrevista","tag-pro","tag-pymes","tag-susana-scarpatti"],"_links":{"self":[{"href":"https:\/\/www.elsindical.com.ar\/notas\/wp-json\/wp\/v2\/posts\/50050","targetHints":{"allow":["GET"]}}],"collection":[{"href":"https:\/\/www.elsindical.com.ar\/notas\/wp-json\/wp\/v2\/posts"}],"about":[{"href":"https:\/\/www.elsindical.com.ar\/notas\/wp-json\/wp\/v2\/types\/post"}],"author":[{"embeddable":true,"href":"https:\/\/www.elsindical.com.ar\/notas\/wp-json\/wp\/v2\/users\/1"}],"replies":[{"embeddable":true,"href":"https:\/\/www.elsindical.com.ar\/notas\/wp-json\/wp\/v2\/comments?post=50050"}],"version-history":[{"count":2,"href":"https:\/\/www.elsindical.com.ar\/notas\/wp-json\/wp\/v2\/posts\/50050\/revisions"}],"predecessor-version":[{"id":50060,"href":"https:\/\/www.elsindical.com.ar\/notas\/wp-json\/wp\/v2\/posts\/50050\/revisions\/50060"}],"wp:attachment":[{"href":"https:\/\/www.elsindical.com.ar\/notas\/wp-json\/wp\/v2\/media?parent=50050"}],"wp:term":[{"taxonomy":"category","embeddable":true,"href":"https:\/\/www.elsindical.com.ar\/notas\/wp-json\/wp\/v2\/categories?post=50050"},{"taxonomy":"post_tag","embeddable":true,"href":"https:\/\/www.elsindical.com.ar\/notas\/wp-json\/wp\/v2\/tags?post=50050"}],"curies":[{"name":"wp","href":"https:\/\/api.w.org\/{rel}","templated":true}]}}