{"id":5002,"date":"2010-03-27T15:44:10","date_gmt":"2010-03-27T18:44:10","guid":{"rendered":"http:\/\/www.elsindical.com.ar\/notas\/?p=5002"},"modified":"2010-03-27T15:44:10","modified_gmt":"2010-03-27T18:44:10","slug":"almirante-brown-evacuaron-la-serenisima-por-un-escape-de-amoniaco","status":"publish","type":"post","link":"https:\/\/www.elsindical.com.ar\/notas\/almirante-brown-evacuaron-la-serenisima-por-un-escape-de-amoniaco\/","title":{"rendered":"Almirante Brown: Evacuaron La Seren\u00edsima por un escape de amon\u00edaco"},"content":{"rendered":"<div id=\"cope\" style=\"text-align: justify;\"><a href=\"http:\/\/www.elsindical.com.ar\/notas\/var\/www\/html\/notas\/wp-content\/uploads\/2010\/03\/planta-La-Seren\u00edsima-01.jpg\"><img loading=\"lazy\" decoding=\"async\" class=\"alignleft size-full wp-image-5003\" title=\"planta-La-Seren\u00edsima-01\" src=\"http:\/\/www.elsindical.com.ar\/notas\/var\/www\/html\/notas\/wp-content\/uploads\/2010\/03\/planta-La-Seren\u00edsima-01.jpg\" alt=\"\" width=\"312\" height=\"234\" srcset=\"https:\/\/www.elsindical.com.ar\/notas\/var\/www\/html\/notas\/wp-content\/uploads\/2010\/03\/planta-La-Seren\u00edsima-01.jpg 312w, https:\/\/www.elsindical.com.ar\/notas\/var\/www\/html\/notas\/wp-content\/uploads\/2010\/03\/planta-La-Seren\u00edsima-01-300x225.jpg 300w\" sizes=\"auto, (max-width: 312px) 100vw, 312px\" \/><\/a>El escape\u00a0ocurri\u00f3 mientras se realizaban tareas de mantenimiento. Por este motivo, evacuaron la planta, pero no hubo necesidad de hacer lo mismo con los vecinos que viven en las cercan\u00edas de la f\u00e1brica. Trabajan en el lugar personal de Bomberos Voluntarios de Almirante Brown, efectivos de la Polic\u00eda y miembros de la Secretar\u00eda de Ambiente de Brown. La situaci\u00f3n est\u00e1 bajo control.<\/div>\n<div style=\"text-align: justify;\">\n<p style=\"text-align: justify;\">En un principio, se especul\u00f3 con la explosi\u00f3n de un tanque de amon\u00edaco en La Seren\u00edsima, pero desde la empresa \u2013 que fue constatado &#8211; explicaron que se trat\u00f3 de una p\u00e9rdida de la sustancia qu\u00edmica que ocurri\u00f3 mientras se realizaban tareas de mantenimiento.<\/p>\n<p>Los vecinos, de todos modos, se alarmaron por el hecho ya que percibieron durante la ma\u00f1ana un fuerte olor, que los oblig\u00f3 a refugiarse en las casas a la espera de que los profesionales se hicieran cargo de la situaci\u00f3n.<\/p>\n<p>Desde la comisar\u00eda cuarta confirmaron el episodio. La situaci\u00f3n se calm\u00f3 cuando comenz\u00f3 la tarde porque los especialistas arribaron a la planta y realizaron las tareas correspondientes.<\/p>\n<p>Evacuaron a los empleados de La Seren\u00edsima, pero no fue necesario tomar la misma medida con los vecinos que viven en las cercan\u00edas del predio.<\/p>\n<p>Por estas horas se encuentran trabajando en Longchamps persona policial, Bomberos Voluntarios de Almirante Brown, adem\u00e1s de miembros de la Secretar\u00eda de Ambiente de Brown.<\/p>\n<p>La f\u00e1brica est\u00e1 ubicada en Berl\u00edn y la avenida Espora, en dicha localidad del partido de Almirante Brown.<\/p>\n<\/div>\n","protected":false},"excerpt":{"rendered":"<p>El escape\u00a0ocurri\u00f3 mientras se realizaban tareas de mantenimiento. Por este motivo, evacuaron la planta, pero no hubo necesidad de hacer lo mismo con los vecinos que viven en las cercan\u00edas de la f\u00e1brica. Trabajan en el lugar personal de Bomberos Voluntarios de Almirante Brown, efectivos de la Polic\u00eda y miembros de la Secretar\u00eda de Ambiente&hellip;<\/p>\n","protected":false},"author":1,"featured_media":0,"comment_status":"open","ping_status":"open","sticky":false,"template":"","format":"standard","meta":{"footnotes":""},"categories":[28],"tags":[2625,1369,2624,2623,30],"class_list":["post-5002","post","type-post","status-publish","format-standard","hentry","category-empresariales","tag-amoniaco","tag-bomberos","tag-escae","tag-la-serenisima","tag-policia"],"_links":{"self":[{"href":"https:\/\/www.elsindical.com.ar\/notas\/wp-json\/wp\/v2\/posts\/5002","targetHints":{"allow":["GET"]}}],"collection":[{"href":"https:\/\/www.elsindical.com.ar\/notas\/wp-json\/wp\/v2\/posts"}],"about":[{"href":"https:\/\/www.elsindical.com.ar\/notas\/wp-json\/wp\/v2\/types\/post"}],"author":[{"embeddable":true,"href":"https:\/\/www.elsindical.com.ar\/notas\/wp-json\/wp\/v2\/users\/1"}],"replies":[{"embeddable":true,"href":"https:\/\/www.elsindical.com.ar\/notas\/wp-json\/wp\/v2\/comments?post=5002"}],"version-history":[{"count":2,"href":"https:\/\/www.elsindical.com.ar\/notas\/wp-json\/wp\/v2\/posts\/5002\/revisions"}],"predecessor-version":[{"id":5005,"href":"https:\/\/www.elsindical.com.ar\/notas\/wp-json\/wp\/v2\/posts\/5002\/revisions\/5005"}],"wp:attachment":[{"href":"https:\/\/www.elsindical.com.ar\/notas\/wp-json\/wp\/v2\/media?parent=5002"}],"wp:term":[{"taxonomy":"category","embeddable":true,"href":"https:\/\/www.elsindical.com.ar\/notas\/wp-json\/wp\/v2\/categories?post=5002"},{"taxonomy":"post_tag","embeddable":true,"href":"https:\/\/www.elsindical.com.ar\/notas\/wp-json\/wp\/v2\/tags?post=5002"}],"curies":[{"name":"wp","href":"https:\/\/api.w.org\/{rel}","templated":true}]}}