{"id":49912,"date":"2015-03-20T11:39:52","date_gmt":"2015-03-20T14:39:52","guid":{"rendered":"http:\/\/www.elsindical.com.ar\/notas\/?p=49912"},"modified":"2015-03-20T11:39:52","modified_gmt":"2015-03-20T14:39:52","slug":"despliegue-represivo-en-el-inti-para-evitar-actividad-del-24-de-marzo-con-nestor-pitrola","status":"publish","type":"post","link":"https:\/\/www.elsindical.com.ar\/notas\/despliegue-represivo-en-el-inti-para-evitar-actividad-del-24-de-marzo-con-nestor-pitrola\/","title":{"rendered":"Despliegue represivo en el INTI para evitar actividad del 24 de marzo con N\u00e9stor Pitrola"},"content":{"rendered":"<p style=\"font: 12px\/16.07px Helvetica, Arial, 'lucida grande', tahoma, verdana, arial, sans-serif; margin: 1em 0px; text-align: left; color: #666666; text-transform: none; text-indent: 0px; letter-spacing: normal; word-spacing: 0px; white-space: normal; widows: 1; font-size-adjust: none; font-stretch: normal; background-color: #ffffff; -webkit-text-stroke-width: 0px;\"><span style=\"font-size: large;\"><a href=\"http:\/\/www.elsindical.com.ar\/notas\/var\/www\/html\/notas\/wp-content\/uploads\/2011\/10\/N\u00e9stor-Pitrola.jpg\"><img loading=\"lazy\" decoding=\"async\" class=\"alignnone size-medium wp-image-18109\" src=\"http:\/\/www.elsindical.com.ar\/notas\/var\/www\/html\/notas\/wp-content\/uploads\/2011\/10\/N\u00e9stor-Pitrola-300x162.jpg\" alt=\"N\u00e9stor-Pitrola\" width=\"300\" height=\"162\" srcset=\"https:\/\/www.elsindical.com.ar\/notas\/var\/www\/html\/notas\/wp-content\/uploads\/2011\/10\/N\u00e9stor-Pitrola-300x162.jpg 300w, https:\/\/www.elsindical.com.ar\/notas\/var\/www\/html\/notas\/wp-content\/uploads\/2011\/10\/N\u00e9stor-Pitrola.jpg 413w\" sizes=\"auto, (max-width: 300px) 100vw, 300px\" \/><\/a>\u201cUsurpan las banderas de DDHH para defender a Milani\u201d<\/span><\/p>\n<p style=\"font: 12px\/16.07px Helvetica, Arial, 'lucida grande', tahoma, verdana, arial, sans-serif; margin: 1em 0px; text-align: left; color: #666666; text-transform: none; text-indent: 0px; letter-spacing: normal; word-spacing: 0px; white-space: normal; widows: 1; font-size-adjust: none; font-stretch: normal; background-color: #ffffff; -webkit-text-stroke-width: 0px;\"><span style=\"font-size: large;\"><br \/>\nEn el d\u00eda<span class=\"text_exposed_show\"><span class=\"Apple-converted-space\">\u00a0<\/span>de hoy, por la ma\u00f1ana, estaba programa una mesa redonda, organizada por trabajadores del INTI integrantes de la lista Naranja, sobre el significado del 24 de marzo y los motivos de la convocatoria que est\u00e1 impulsando el Encuentro Memoria, Verdad y Justicia para el pr\u00f3ximo martes, al cumplirse un nuevo aniversario del golpe de Estado de 1976. Como invitados a la mesa se encontraban presentes el diputado nacional del Partido Obrero, N\u00e9stor Pitrola, quien preside el Bloque del Frente de Izquierda en el Congreso, Enrique \u201cCachito\u201d Fukman, de la Asociaci\u00f3n de detenidos-desaparecidos, Liliana Giorgi, quien fue miembro de la comisi\u00f3n interna del Inti durante el proceso y compa\u00f1era en ese momento de Alfredo Giorgi y Mar\u00eda del Carmen Artero, dos trabajadores desaparecidos del Inti. Y el cuarto orad! or, Daniel \u201cPollo\u201d Luna lUNA, hijo de desaparecidos y miembro de la lista Naranja del Inti, organizadora del evento.<\/span><\/span><\/p>\n<div class=\"text_exposed_show\" style=\"font: 12px\/16.07px Helvetica, Arial, 'lucida grande', tahoma, verdana, arial, sans-serif; text-align: left; color: #666666; text-transform: none; text-indent: 0px; letter-spacing: normal; word-spacing: 0px; display: inline; white-space: normal; widows: 1; font-size-adjust: none; font-stretch: normal; background-color: #ffffff; -webkit-text-stroke-width: 0px;\">\n<p><span style=\"font-size: large;\">La actividad, que contaba con autorizaci\u00f3n para realizarse en el Sal\u00f3n Auditorio desde el mes de febrero por el Gerente General del organismo, tuvo que realizarse en otro lugar frente a la negativa de \u00faltimo momento por parte de la direcci\u00f3n del Instituto a realizarse en el lugar predeterminado. Pero no s\u00f3lo eso, sino que una hora antes de realizarse la actividad, ya en otro lugar del Instituto, se despleg\u00f3 un operativo policial de 150 efectivos de la Federal, con carros hidrantes, camiones celulares con equipos de filmaci\u00f3n y tropas de infanter\u00eda.<\/span><\/p>\n<p><span style=\"font-size: large;\">El diputado Pitrola habl\u00f3 con el jefe del operativo para preguntarle los motivos de tal despliegue, quien le contest\u00f3 que era \u201cpara evitar cualquier corte de la Avenida Gral. Paz\u201d, pero en verdad lo \u00fanico que se intentaba organizar era una simple mesa debate sobre el 24 de marzo y los derechos humanos hoy.<\/span><\/p>\n<p><span style=\"font-size: large;\">La guardia interior del INTI intent\u00f3 impedir el ingreso del diputado nacional, quien tuvo que sortear el operativo de seguridad que intent\u00f3 detenerlo a lo largo de los 100 metros que separaban el ingreso del lugar hasta donde se desarrollaba la actividad. Finalmente, Pitrola pudo ingresar acompa\u00f1ado de un conjunto de trabajadores que respaldaron su entrada hasta la mesa de debate que se organiz\u00f3 en las inmediaciones del Auditorio, que se encontraba cerrado y custodiado en su interior por dos efectivos de la Polic\u00eda Federal.<\/span><\/p>\n<p><span style=\"font-size: large;\">No obstante el operativo, m\u00e1s de 100 trabajadores del INTI participaron de la mesa debate, desde donde Pitrola expres\u00f3: \u201cQuienes hoy desplegaron tropas de represi\u00f3n para impedir esta importante charla sobre un nuevo aniversario del golpe militar del 76\u00b4, son los mismos que usurpan las banderas de los derechos humanos para defender a Milani\u201d. Y concluy\u00f3: \u201cEl 24 de marzo nos movilizamos masivamente con el Encuentro memoria, Verdad y Justicia desde Congreso a Plaza de Mayo para que se vaya Milani, por la apertura de los archivos de inteligencia, por la derogaci\u00f3n de la Ley antiterrorista y el desmantelamiento del Proyecto X\u201d.<\/span><\/p>\n<p>&nbsp;<\/p>\n<p><span style=\"font-size: large;\">PARTIDO OBRERO<br \/>\nen el Frente de Izquierda y los Trabajadores<\/span><\/p>\n<\/div>\n","protected":false},"excerpt":{"rendered":"<p>\u201cUsurpan las banderas de DDHH para defender a Milani\u201d En el d\u00eda\u00a0de hoy, por la ma\u00f1ana, estaba programa una mesa redonda, organizada por trabajadores del INTI integrantes de la lista Naranja, sobre el significado del 24 de marzo y los motivos de la convocatoria que est\u00e1 impulsando el Encuentro Memoria, Verdad y Justicia para el&hellip;<\/p>\n","protected":false},"author":1,"featured_media":0,"comment_status":"open","ping_status":"open","sticky":false,"template":"","format":"standard","meta":{"footnotes":""},"categories":[6],"tags":[11424,8867,4965],"class_list":["post-49912","post","type-post","status-publish","format-standard","hentry","category-denuncias","tag-inti","tag-nestor-pitrola","tag-po"],"_links":{"self":[{"href":"https:\/\/www.elsindical.com.ar\/notas\/wp-json\/wp\/v2\/posts\/49912","targetHints":{"allow":["GET"]}}],"collection":[{"href":"https:\/\/www.elsindical.com.ar\/notas\/wp-json\/wp\/v2\/posts"}],"about":[{"href":"https:\/\/www.elsindical.com.ar\/notas\/wp-json\/wp\/v2\/types\/post"}],"author":[{"embeddable":true,"href":"https:\/\/www.elsindical.com.ar\/notas\/wp-json\/wp\/v2\/users\/1"}],"replies":[{"embeddable":true,"href":"https:\/\/www.elsindical.com.ar\/notas\/wp-json\/wp\/v2\/comments?post=49912"}],"version-history":[{"count":1,"href":"https:\/\/www.elsindical.com.ar\/notas\/wp-json\/wp\/v2\/posts\/49912\/revisions"}],"predecessor-version":[{"id":49913,"href":"https:\/\/www.elsindical.com.ar\/notas\/wp-json\/wp\/v2\/posts\/49912\/revisions\/49913"}],"wp:attachment":[{"href":"https:\/\/www.elsindical.com.ar\/notas\/wp-json\/wp\/v2\/media?parent=49912"}],"wp:term":[{"taxonomy":"category","embeddable":true,"href":"https:\/\/www.elsindical.com.ar\/notas\/wp-json\/wp\/v2\/categories?post=49912"},{"taxonomy":"post_tag","embeddable":true,"href":"https:\/\/www.elsindical.com.ar\/notas\/wp-json\/wp\/v2\/tags?post=49912"}],"curies":[{"name":"wp","href":"https:\/\/api.w.org\/{rel}","templated":true}]}}