{"id":49894,"date":"2015-03-19T21:37:56","date_gmt":"2015-03-20T00:37:56","guid":{"rendered":"http:\/\/www.elsindical.com.ar\/notas\/?p=49894"},"modified":"2015-03-19T21:37:56","modified_gmt":"2015-03-20T00:37:56","slug":"tigre-camillero-abuso-de-piba-borracha-en-un-hospital","status":"publish","type":"post","link":"https:\/\/www.elsindical.com.ar\/notas\/tigre-camillero-abuso-de-piba-borracha-en-un-hospital\/","title":{"rendered":"Tigre: Camillero abus\u00f3 de piba borracha en un hospital"},"content":{"rendered":"<p><em><a href=\"http:\/\/www.elsindical.com.ar\/notas\/var\/www\/html\/notas\/wp-content\/uploads\/2015\/03\/Hospital-zonal-Magdalena-V.jpg\"><img loading=\"lazy\" decoding=\"async\" class=\"alignnone size-medium wp-image-49895\" src=\"http:\/\/www.elsindical.com.ar\/notas\/var\/www\/html\/notas\/wp-content\/uploads\/2015\/03\/Hospital-zonal-Magdalena-V-300x194.jpg\" alt=\"Hospital-zonal-Magdalena-V\" width=\"300\" height=\"194\" srcset=\"https:\/\/www.elsindical.com.ar\/notas\/var\/www\/html\/notas\/wp-content\/uploads\/2015\/03\/Hospital-zonal-Magdalena-V-300x194.jpg 300w, https:\/\/www.elsindical.com.ar\/notas\/var\/www\/html\/notas\/wp-content\/uploads\/2015\/03\/Hospital-zonal-Magdalena-V-465x300.jpg 465w, https:\/\/www.elsindical.com.ar\/notas\/var\/www\/html\/notas\/wp-content\/uploads\/2015\/03\/Hospital-zonal-Magdalena-V.jpg 502w\" sizes=\"auto, (max-width: 300px) 100vw, 300px\" \/><\/a>Un empleado del nosocomio de Pacheco, Tigre,\u00a0fue acusado de acosar a una joven de 21 a\u00f1os mientras estaba inconsciente por ingesta alcoh\u00f3lica. Fue separado de su cargo, luego de que los empleados de seguridad advirtieran el hecho y lo comunicaran a la madre de la v\u00edctima.<\/em><\/p>\n<p>El episodio\u00a0ocurri\u00f3 en la madrugada del domingo, cuando una joven de 21 a\u00f1os sufri\u00f3 una descompensaci\u00f3n por ingesta alcoh\u00f3lica mientras estaba en un boliche y fue llevada de urgencia al hospital, en donde en estado de inconsciencia, las c\u00e1maras de seguridad captaron el abuso.<\/p>\n<p>La joven se recuper\u00f3 y se fue a su casa pero los empleados de seguridad se contactaron el lunes pasado con la madre y le avisaron del hecho por lo que de inmediato se radic\u00f3 la denuncia.<\/p>\n<p>El Ministerio de Salud bonaerense asegur\u00f3 que el director del hospital <strong>Pedro \u00c1vila, <\/strong>fue anoticiado por los cuidadores hospitalarios del hecho y que <em>\u00abde inmediato\u00bb<\/em> separ\u00f3 del cargo al camillero y se le inici\u00f3 un sumario administrativo.<\/p>\n<p>La cartera bonaerense indic\u00f3 adem\u00e1s, que intervino personal especializado del Programa de Prevenci\u00f3n Legal en Salud y que tras efectuar las consultas con la comisar\u00eda de la Mujer de Pacheco, se radic\u00f3 la denuncia en la Fiscal\u00eda de G\u00e9nero del partido de Tigre.<\/p>\n<p>\u00c1vila asegur\u00f3 que no denunci\u00f3 en forma inmediata el hecho aconsejado por el jefe de la comisar\u00eda que le asegur\u00f3 que era un delito de acci\u00f3n privada.<\/p>\n<p><em>\u00abAdministrativamente proced\u00ed como deb\u00eda, confi\u00e9 en la palabra del comisario y luego denunci\u00e9 el hecho, ahora el camillero se lo dej\u00f3 fuera de servicio y es investigado por abuso\u00bb,<\/em> dijo el m\u00e9dico.<\/p>\n<p>La madre de la joven abusada asegur\u00f3 que a su hija <em>\u00abel camillero la quiso violar, le hizo de todo mientras estaba inconsciente, a mi me vinieron a avisar las empleadas de seguridad el lunes pasado cont\u00e1ndome lo que hab\u00edan visto en las c\u00e1maras y que hab\u00eda un violador en el hospital trabajando\u00bb.<\/em><\/p>\n<p>La titular de la Asociaci\u00f3n V\u00edctimas de Violaciones, <strong>Mar\u00eda Elena Leuzzi<\/strong>, asegur\u00f3 que <em>\u00abel hecho es grav\u00edsimo, porque ni siquiera en los hospitales est\u00e1n a salvo las chicas de los degenerados\u00bb.\u00a0<\/em><\/p>\n<p><em>\u00abEstamos frente a un abuso sexual agravado consumado. Agravado por alevos\u00eda ya que la v\u00edctima no tuvo la menor posibilidad de defenderse por su estado de inconsciencia\u00bb,<\/em> dijo <strong>Andr\u00e9s Bonicalzi,<\/strong> abogado de AVIVI.<\/p>\n","protected":false},"excerpt":{"rendered":"<p>Un empleado del nosocomio de Pacheco, Tigre,\u00a0fue acusado de acosar a una joven de 21 a\u00f1os mientras estaba inconsciente por ingesta alcoh\u00f3lica. Fue separado de su cargo, luego de que los empleados de seguridad advirtieran el hecho y lo comunicaran a la madre de la v\u00edctima. El episodio\u00a0ocurri\u00f3 en la madrugada del domingo, cuando una&hellip;<\/p>\n","protected":false},"author":1,"featured_media":0,"comment_status":"open","ping_status":"open","sticky":false,"template":"","format":"standard","meta":{"footnotes":""},"categories":[22],"tags":[1603,1166,21058,646],"class_list":["post-49894","post","type-post","status-publish","format-standard","hentry","category-policiales","tag-ministerio-de-salud","tag-pacheco","tag-pedro-avila","tag-tigre"],"_links":{"self":[{"href":"https:\/\/www.elsindical.com.ar\/notas\/wp-json\/wp\/v2\/posts\/49894","targetHints":{"allow":["GET"]}}],"collection":[{"href":"https:\/\/www.elsindical.com.ar\/notas\/wp-json\/wp\/v2\/posts"}],"about":[{"href":"https:\/\/www.elsindical.com.ar\/notas\/wp-json\/wp\/v2\/types\/post"}],"author":[{"embeddable":true,"href":"https:\/\/www.elsindical.com.ar\/notas\/wp-json\/wp\/v2\/users\/1"}],"replies":[{"embeddable":true,"href":"https:\/\/www.elsindical.com.ar\/notas\/wp-json\/wp\/v2\/comments?post=49894"}],"version-history":[{"count":1,"href":"https:\/\/www.elsindical.com.ar\/notas\/wp-json\/wp\/v2\/posts\/49894\/revisions"}],"predecessor-version":[{"id":49896,"href":"https:\/\/www.elsindical.com.ar\/notas\/wp-json\/wp\/v2\/posts\/49894\/revisions\/49896"}],"wp:attachment":[{"href":"https:\/\/www.elsindical.com.ar\/notas\/wp-json\/wp\/v2\/media?parent=49894"}],"wp:term":[{"taxonomy":"category","embeddable":true,"href":"https:\/\/www.elsindical.com.ar\/notas\/wp-json\/wp\/v2\/categories?post=49894"},{"taxonomy":"post_tag","embeddable":true,"href":"https:\/\/www.elsindical.com.ar\/notas\/wp-json\/wp\/v2\/tags?post=49894"}],"curies":[{"name":"wp","href":"https:\/\/api.w.org\/{rel}","templated":true}]}}