{"id":49891,"date":"2015-03-19T19:50:21","date_gmt":"2015-03-19T22:50:21","guid":{"rendered":"http:\/\/www.elsindical.com.ar\/notas\/?p=49891"},"modified":"2015-03-19T19:50:21","modified_gmt":"2015-03-19T22:50:21","slug":"pichones-de-condor-andino","status":"publish","type":"post","link":"https:\/\/www.elsindical.com.ar\/notas\/pichones-de-condor-andino\/","title":{"rendered":"Pichones de C\u00f3ndor Andino"},"content":{"rendered":"<p><em><a href=\"http:\/\/www.elsindical.com.ar\/notas\/var\/www\/html\/notas\/wp-content\/uploads\/2015\/03\/pichones-C\u00f3ndor.jpg\"><img loading=\"lazy\" decoding=\"async\" class=\"alignnone size-medium wp-image-49892\" src=\"http:\/\/www.elsindical.com.ar\/notas\/var\/www\/html\/notas\/wp-content\/uploads\/2015\/03\/pichones-C\u00f3ndor-300x266.jpg\" alt=\"pichones-C\u00f3ndor\" width=\"300\" height=\"266\" srcset=\"https:\/\/www.elsindical.com.ar\/notas\/var\/www\/html\/notas\/wp-content\/uploads\/2015\/03\/pichones-C\u00f3ndor-300x266.jpg 300w, https:\/\/www.elsindical.com.ar\/notas\/var\/www\/html\/notas\/wp-content\/uploads\/2015\/03\/pichones-C\u00f3ndor-339x300.jpg 339w, https:\/\/www.elsindical.com.ar\/notas\/var\/www\/html\/notas\/wp-content\/uploads\/2015\/03\/pichones-C\u00f3ndor.jpg 531w\" sizes=\"auto, (max-width: 300px) 100vw, 300px\" \/><\/a>Durante mucho tiempo el c\u00f3ndor estuvo extinto en la Costa Atl\u00e1ntica Patag\u00f3nica. Pero gracias a un esfuerzo internacional de conservaci\u00f3n, organizado por el Zool\u00f3gico de Buenos Aires y la Fundaci\u00f3n Bioandina Argentina, estas fabulosas aves volvieron a surcar los cielos que unen la cordillera con el mar.<\/em><\/p>\n<p>En diciembre de 2003, con la especial colaboraci\u00f3n del Min. Prod. Dir. Fauna R\u00edo Negro, fue posible reintroducir la especie en su antigua \u00e1rea de distribuci\u00f3n y, desde entonces, 44 ejemplares fueron liberados. Ellos lograron adaptarse perfectamente a su entorno y ya se formaron tres parejas reproductivas, de las cuales suman 6 pichones nacidos en su ambiente natural. Una de las parejas, formada por Peuma y Malen, eligi\u00f3 una zona a 50 kil\u00f3metros del lugar de suelta para anidar. La cr\u00eda, una hembra, fue bautizada con el nombre Janana (C\u00f3ndor), en honor al pueblo Gn\u00fcnaq\u00fcna (Tehuelche). Wichi y Alcama\u00f1 eligieron la zona de Pailem\u00e1n para anidar. El pich\u00f3n, un macho, fue bautizado con el nombre Sayhueque, en honor al Cacique.<\/p>\n<p>Los c\u00f3ndores ponen un solo huevo y cr\u00edan un solo pich\u00f3n cada dos o tres a\u00f1os. Ambos pichones son cuidados por sus padres, tanto el macho como la hembra se encargan meticulosamente de su alimentaci\u00f3n y protecci\u00f3n y se espera que permanezcan en el nido durante cinco meses, tiempo que demandar\u00e1 el desarrollo de su plumaje.<\/p>\n<p>A mediados del siglo XIX, naturalistas como Charles Darwin, Enrique Hudson y Perito Moreno, avistaban C\u00f3ndores en la costa Atl\u00e1ntica Patag\u00f3nica, incluso tan al norte como la desembocadura del R\u00edo Negro. Esta imagen, que supo cautivar a los antiguos naturalistas, se hab\u00eda perdido con la extinci\u00f3n local de la especie durante m\u00e1s de 100 a\u00f1os.<br \/>\n<iframe loading=\"lazy\" src=\"https:\/\/www.youtube.com\/embed\/DSqYhiMFKno\" width=\"580\" height=\"420\" frameborder=\"0\" allowfullscreen=\"allowfullscreen\"><\/iframe><\/p>\n","protected":false},"excerpt":{"rendered":"<p>Durante mucho tiempo el c\u00f3ndor estuvo extinto en la Costa Atl\u00e1ntica Patag\u00f3nica. Pero gracias a un esfuerzo internacional de conservaci\u00f3n, organizado por el Zool\u00f3gico de Buenos Aires y la Fundaci\u00f3n Bioandina Argentina, estas fabulosas aves volvieron a surcar los cielos que unen la cordillera con el mar. En diciembre de 2003, con la especial colaboraci\u00f3n&hellip;<\/p>\n","protected":false},"author":1,"featured_media":0,"comment_status":"open","ping_status":"open","sticky":false,"template":"","format":"standard","meta":{"footnotes":""},"categories":[24],"tags":[21057,21056,3138],"class_list":["post-49891","post","type-post","status-publish","format-standard","hentry","category-sociales","tag-condor-andino","tag-pichones","tag-zoo-buenos-aires"],"_links":{"self":[{"href":"https:\/\/www.elsindical.com.ar\/notas\/wp-json\/wp\/v2\/posts\/49891","targetHints":{"allow":["GET"]}}],"collection":[{"href":"https:\/\/www.elsindical.com.ar\/notas\/wp-json\/wp\/v2\/posts"}],"about":[{"href":"https:\/\/www.elsindical.com.ar\/notas\/wp-json\/wp\/v2\/types\/post"}],"author":[{"embeddable":true,"href":"https:\/\/www.elsindical.com.ar\/notas\/wp-json\/wp\/v2\/users\/1"}],"replies":[{"embeddable":true,"href":"https:\/\/www.elsindical.com.ar\/notas\/wp-json\/wp\/v2\/comments?post=49891"}],"version-history":[{"count":1,"href":"https:\/\/www.elsindical.com.ar\/notas\/wp-json\/wp\/v2\/posts\/49891\/revisions"}],"predecessor-version":[{"id":49893,"href":"https:\/\/www.elsindical.com.ar\/notas\/wp-json\/wp\/v2\/posts\/49891\/revisions\/49893"}],"wp:attachment":[{"href":"https:\/\/www.elsindical.com.ar\/notas\/wp-json\/wp\/v2\/media?parent=49891"}],"wp:term":[{"taxonomy":"category","embeddable":true,"href":"https:\/\/www.elsindical.com.ar\/notas\/wp-json\/wp\/v2\/categories?post=49891"},{"taxonomy":"post_tag","embeddable":true,"href":"https:\/\/www.elsindical.com.ar\/notas\/wp-json\/wp\/v2\/tags?post=49891"}],"curies":[{"name":"wp","href":"https:\/\/api.w.org\/{rel}","templated":true}]}}