{"id":49868,"date":"2015-03-18T21:51:18","date_gmt":"2015-03-19T00:51:18","guid":{"rendered":"http:\/\/www.elsindical.com.ar\/notas\/?p=49868"},"modified":"2015-03-18T21:51:18","modified_gmt":"2015-03-19T00:51:18","slug":"el-gobierno-designo-a-marcelo-sain-como-director-de-la-escuela-nacional-de-inteligencia","status":"publish","type":"post","link":"https:\/\/www.elsindical.com.ar\/notas\/el-gobierno-designo-a-marcelo-sain-como-director-de-la-escuela-nacional-de-inteligencia\/","title":{"rendered":"El Gobierno design\u00f3 a Marcelo Sain como director de la Escuela Nacional de Inteligencia"},"content":{"rendered":"<div><em><a href=\"http:\/\/www.elsindical.com.ar\/notas\/var\/www\/html\/notas\/wp-content\/uploads\/2015\/03\/0012354569.jpg\"><img loading=\"lazy\" decoding=\"async\" class=\"alignnone size-medium wp-image-49870\" src=\"http:\/\/www.elsindical.com.ar\/notas\/var\/www\/html\/notas\/wp-content\/uploads\/2015\/03\/0012354569-300x169.jpg\" alt=\"0012354569\" width=\"300\" height=\"169\" srcset=\"https:\/\/www.elsindical.com.ar\/notas\/var\/www\/html\/notas\/wp-content\/uploads\/2015\/03\/0012354569-300x169.jpg 300w, https:\/\/www.elsindical.com.ar\/notas\/var\/www\/html\/notas\/wp-content\/uploads\/2015\/03\/0012354569-500x282.jpg 500w, https:\/\/www.elsindical.com.ar\/notas\/var\/www\/html\/notas\/wp-content\/uploads\/2015\/03\/0012354569.jpg 531w\" sizes=\"auto, (max-width: 300px) 100vw, 300px\" \/><\/a>El flamante funcionario fue interventor de la Polic\u00eda de Seguridad Aeroportuaria y actualmente es diputado provincial por Nuevo Encuentro. El organismo que dirigir\u00e1 es el encargado de formar a los futuros agentes.<\/em><\/div>\n<div><\/div>\n<div>\n<div>\n<div>\n<div>El diputado provincial por Nuevo Encuentro <b>Marcelo Sain<\/b> fue designado por el Gobierno como nuevo director de la Escuela Nacional de Inteligencia (ENI). Se trata del organismo que tiene su sede en una casona centenaria ubicada en la calle Libertad al 1200, en el barrio de Recoleta, y es el encargado de reclutar y formar a los futuros agentes. El edificio donde funciona la ENI, que perteneci\u00f3 alguna vez al presidente Victorino de la Plaza, tiene amplios salones y una valiosa biblioteca destinada al aprendizaje de los aspirantes.<\/div>\n<\/div>\n<\/div>\n<div><\/div>\n<div>Sain fue uno de los m\u00e1s firmes defensores del proyecto kirchnerista para reformar el \u00e1rea de inteligencia con la creaci\u00f3n de la Agencia Federal de Inteligencia, convertida en ley en febrero pasado por el Congreso. En febrero, y durante su exposici\u00f3n en el plenario de las comisiones de Asuntos Constitucionales y de Justicia y Asuntos Penales del Senado, Sain hizo una f\u00e9rrea defensa de la iniciativa, a la que calific\u00f3 de \u00abcambio trascendental\u00bb.<\/div>\n<div><\/div>\n<div>En esa oportunidad, Sain consider\u00f3 un \u00abcambio sustantivo\u00bb que el director general y subdirector de la Agencia Federal de Inteligencia sean designados por el Poder Ejecutivo, con acuerdo del Senado.<\/div>\n<div><\/div>\n<div>\n<div>El flamante director de la Escuela Nacional de Inteligencia <b>fue tambi\u00e9n unos de los que m\u00e1s cuestionaron la denuncia que el fallecido fiscal Alberto Nisman<\/b> hizo contra Cristina Kirchner y otros funcionarios por encubrir a los autores del atentado a la AMIA. En ese sentido, afirm\u00f3 que la presentaci\u00f3n de Nisman estaba \u00abagarrada de los pelos\u00bb.<\/div>\n<div><\/div>\n<div>En ocasi\u00f3n de la marcha del #18F, Sain opin\u00f3 que la convocatoria hab\u00eda partido de fiscales \u00abconservadores y politizados que buscan que no se disuelva la SIDE y no se cree la Agencia Federal de Inteligencia AFI\u00bb.<\/div>\n<div>\n<div>\n<div><\/div>\n<\/div>\n<\/div>\n<div>\n<div>\n<div>Actual legislador, Sain es polit\u00f3logo, especialista en Seguridad y doctor en Ciencias Sociales. Cr\u00edtico frente a las mafias en la Polic\u00eda, fue viceministro de Seguridad bonaerense entre julio de 2002 y enero de 2003. Entre 2005 y 2009, cre\u00f3 y puso en funcionamiento la Polic\u00eda de Seguridad Aeroportuaria (PSA).<\/div>\n<div><\/div>\n<div><a href=\"http:\/\/www.elsindical.com.ar\/notas\/var\/www\/html\/notas\/wp-content\/uploads\/2015\/03\/0012354673.jpg\"><img loading=\"lazy\" decoding=\"async\" class=\" size-medium wp-image-49869 aligncenter\" src=\"http:\/\/www.elsindical.com.ar\/notas\/var\/www\/html\/notas\/wp-content\/uploads\/2015\/03\/0012354673-300x169.jpg\" alt=\"0012354673\" width=\"300\" height=\"169\" srcset=\"https:\/\/www.elsindical.com.ar\/notas\/var\/www\/html\/notas\/wp-content\/uploads\/2015\/03\/0012354673-300x169.jpg 300w, https:\/\/www.elsindical.com.ar\/notas\/var\/www\/html\/notas\/wp-content\/uploads\/2015\/03\/0012354673-500x281.jpg 500w, https:\/\/www.elsindical.com.ar\/notas\/var\/www\/html\/notas\/wp-content\/uploads\/2015\/03\/0012354673.jpg 620w\" sizes=\"auto, (max-width: 300px) 100vw, 300px\" \/><\/a><\/div>\n<\/div>\n<\/div>\n<\/div>\n<\/div>\n","protected":false},"excerpt":{"rendered":"<p>El flamante funcionario fue interventor de la Polic\u00eda de Seguridad Aeroportuaria y actualmente es diputado provincial por Nuevo Encuentro. El organismo que dirigir\u00e1 es el encargado de formar a los futuros agentes. El diputado provincial por Nuevo Encuentro Marcelo Sain fue designado por el Gobierno como nuevo director de la Escuela Nacional de Inteligencia (ENI).&hellip;<\/p>\n","protected":false},"author":1,"featured_media":0,"comment_status":"open","ping_status":"open","sticky":false,"template":"","format":"standard","meta":{"footnotes":""},"categories":[13],"tags":[20772,475,838,14706,839,407],"class_list":["post-49868","post","type-post","status-publish","format-standard","hentry","category-politica","tag-afi","tag-amia","tag-marcelo-sain","tag-poder-ejecutivo-nacional","tag-psa","tag-side"],"_links":{"self":[{"href":"https:\/\/www.elsindical.com.ar\/notas\/wp-json\/wp\/v2\/posts\/49868","targetHints":{"allow":["GET"]}}],"collection":[{"href":"https:\/\/www.elsindical.com.ar\/notas\/wp-json\/wp\/v2\/posts"}],"about":[{"href":"https:\/\/www.elsindical.com.ar\/notas\/wp-json\/wp\/v2\/types\/post"}],"author":[{"embeddable":true,"href":"https:\/\/www.elsindical.com.ar\/notas\/wp-json\/wp\/v2\/users\/1"}],"replies":[{"embeddable":true,"href":"https:\/\/www.elsindical.com.ar\/notas\/wp-json\/wp\/v2\/comments?post=49868"}],"version-history":[{"count":1,"href":"https:\/\/www.elsindical.com.ar\/notas\/wp-json\/wp\/v2\/posts\/49868\/revisions"}],"predecessor-version":[{"id":49871,"href":"https:\/\/www.elsindical.com.ar\/notas\/wp-json\/wp\/v2\/posts\/49868\/revisions\/49871"}],"wp:attachment":[{"href":"https:\/\/www.elsindical.com.ar\/notas\/wp-json\/wp\/v2\/media?parent=49868"}],"wp:term":[{"taxonomy":"category","embeddable":true,"href":"https:\/\/www.elsindical.com.ar\/notas\/wp-json\/wp\/v2\/categories?post=49868"},{"taxonomy":"post_tag","embeddable":true,"href":"https:\/\/www.elsindical.com.ar\/notas\/wp-json\/wp\/v2\/tags?post=49868"}],"curies":[{"name":"wp","href":"https:\/\/api.w.org\/{rel}","templated":true}]}}