{"id":4986,"date":"2010-03-27T02:57:22","date_gmt":"2010-03-27T05:57:22","guid":{"rendered":"http:\/\/www.elsindical.com.ar\/notas\/?p=4986"},"modified":"2010-03-27T03:07:18","modified_gmt":"2010-03-27T06:07:18","slug":"palermo-vecinos-denuncian-incremento-de-robos-a-autos","status":"publish","type":"post","link":"https:\/\/www.elsindical.com.ar\/notas\/palermo-vecinos-denuncian-incremento-de-robos-a-autos\/","title":{"rendered":"Palermo: Vecinos denuncian incremento de robos a autos"},"content":{"rendered":"<p style=\"text-align: justify;\">\u00a0\u00a0 <a href=\"http:\/\/www.elsindical.com.ar\/notas\/var\/www\/html\/notas\/wp-content\/uploads\/2010\/03\/zona-de-Palermo-robo-autos.jpg\"><img loading=\"lazy\" decoding=\"async\" class=\"alignleft size-medium wp-image-4987\" title=\"zona-de-Palermo-robo-autos\" src=\"http:\/\/www.elsindical.com.ar\/notas\/var\/www\/html\/notas\/wp-content\/uploads\/2010\/03\/zona-de-Palermo-robo-autos-300x179.jpg\" alt=\"\" width=\"300\" height=\"179\" srcset=\"https:\/\/www.elsindical.com.ar\/notas\/var\/www\/html\/notas\/wp-content\/uploads\/2010\/03\/zona-de-Palermo-robo-autos-300x179.jpg 300w, https:\/\/www.elsindical.com.ar\/notas\/var\/www\/html\/notas\/wp-content\/uploads\/2010\/03\/zona-de-Palermo-robo-autos.jpg 413w\" sizes=\"auto, (max-width: 300px) 100vw, 300px\" \/><\/a><em>Vecinos del barrio de Palermo lindantes con el barrio del Abasto, denuncian un importante incremento en los robos a veh\u00edculos estacionados en la v\u00eda p\u00fablica, vinculan a un grupo de peruanos y la falta de control de polic\u00edas de la comisar\u00eda 21a.<\/em><\/p>\n<p style=\"text-align: justify;\">Este medio <a href=\"http:\/\/www.elsindical.com.ar\/portal\/investigaciones\/6159.html\">ya hab\u00eda mencionado la presencia de un grupo de peruanos que en la esquina de las calles Mario Bravo y el Pasaje de La C\u00e1rcova,<\/a> se dedicaban a cobrar estacionamiento a los conductores, sean estos vecinos, estudiantes de la Universidad de Palermo u ocasionales visitantes del barrio.<\/p>\n<p style=\"text-align: justify;\">Adem\u00e1s, estos mismos sujetos, realizan lavados de autos en la v\u00eda p\u00fabica, estacionan autos en doble fila, y sacuden para activar las alarmas de los que no abonan lo que estos solicitan por estacionar, todo esto a plena luz del d\u00eda y con conocimiento de efectivos policiales de la comisar\u00eda 21a de la Polic\u00eda Federal Argentina con jurisdicci\u00f3n en el lugar.<\/p>\n<p style=\"text-align: justify;\">Ahora, varios de los que no aceptan pagar a estos personajes, han encontrado que sus autos aparecen abiertos de forma violenta, en la mayor\u00eda de los casos, doblandoles las puertas caus\u00e1ndoles un da\u00f1o adem\u00e1s del robo.<\/p>\n<p style=\"text-align: justify;\">Tambi\u00e9n denuncian que desde hace un par de meses, es com\u00fan observar faltantes en ruedas de algunos de los veh\u00edculos all\u00ed estacionados.<\/p>\n<p style=\"text-align: justify;\">La zona en cuesti\u00f3n es principalmente el Pasaje de La C\u00e1rcova entre Mario Bravo y Soler, Soler entre Coronel D\u00edas y Billinghurst, Mansilla entre Coronel D\u00edaz y S\u00e1nchez de Bustamante, Paraguay entre Coronel D\u00edaz y S\u00e1nchez de Bustamante.<\/p>\n","protected":false},"excerpt":{"rendered":"<p>\u00a0\u00a0 Vecinos del barrio de Palermo lindantes con el barrio del Abasto, denuncian un importante incremento en los robos a veh\u00edculos estacionados en la v\u00eda p\u00fablica, vinculan a un grupo de peruanos y la falta de control de polic\u00edas de la comisar\u00eda 21a. Este medio ya hab\u00eda mencionado la presencia de un grupo de peruanos&hellip;<\/p>\n","protected":false},"author":1,"featured_media":0,"comment_status":"open","ping_status":"open","sticky":false,"template":"","format":"standard","meta":{"footnotes":""},"categories":[6],"tags":[1126,1337,2616,116],"class_list":["post-4986","post","type-post","status-publish","format-standard","hentry","category-denuncias","tag-autos","tag-palermo","tag-peruanos","tag-robo"],"_links":{"self":[{"href":"https:\/\/www.elsindical.com.ar\/notas\/wp-json\/wp\/v2\/posts\/4986","targetHints":{"allow":["GET"]}}],"collection":[{"href":"https:\/\/www.elsindical.com.ar\/notas\/wp-json\/wp\/v2\/posts"}],"about":[{"href":"https:\/\/www.elsindical.com.ar\/notas\/wp-json\/wp\/v2\/types\/post"}],"author":[{"embeddable":true,"href":"https:\/\/www.elsindical.com.ar\/notas\/wp-json\/wp\/v2\/users\/1"}],"replies":[{"embeddable":true,"href":"https:\/\/www.elsindical.com.ar\/notas\/wp-json\/wp\/v2\/comments?post=4986"}],"version-history":[{"count":2,"href":"https:\/\/www.elsindical.com.ar\/notas\/wp-json\/wp\/v2\/posts\/4986\/revisions"}],"predecessor-version":[{"id":4989,"href":"https:\/\/www.elsindical.com.ar\/notas\/wp-json\/wp\/v2\/posts\/4986\/revisions\/4989"}],"wp:attachment":[{"href":"https:\/\/www.elsindical.com.ar\/notas\/wp-json\/wp\/v2\/media?parent=4986"}],"wp:term":[{"taxonomy":"category","embeddable":true,"href":"https:\/\/www.elsindical.com.ar\/notas\/wp-json\/wp\/v2\/categories?post=4986"},{"taxonomy":"post_tag","embeddable":true,"href":"https:\/\/www.elsindical.com.ar\/notas\/wp-json\/wp\/v2\/tags?post=4986"}],"curies":[{"name":"wp","href":"https:\/\/api.w.org\/{rel}","templated":true}]}}