{"id":49832,"date":"2015-03-17T08:21:31","date_gmt":"2015-03-17T11:21:31","guid":{"rendered":"http:\/\/www.elsindical.com.ar\/notas\/?p=49832"},"modified":"2015-03-17T08:21:31","modified_gmt":"2015-03-17T11:21:31","slug":"pablo-vera-el-gran-simulador","status":"publish","type":"post","link":"https:\/\/www.elsindical.com.ar\/notas\/pablo-vera-el-gran-simulador\/","title":{"rendered":"Pablo Vera \u00abel gran simulador\u00bb"},"content":{"rendered":"<p><a href=\"http:\/\/www.elsindical.com.ar\/notas\/var\/www\/html\/notas\/wp-content\/uploads\/2015\/03\/Pablo-Vera-2015.jpg\"><img loading=\"lazy\" decoding=\"async\" class=\"alignnone size-medium wp-image-49833\" src=\"http:\/\/www.elsindical.com.ar\/notas\/var\/www\/html\/notas\/wp-content\/uploads\/2015\/03\/Pablo-Vera-2015-300x147.jpg\" alt=\"Pablo-Vera-2015\" width=\"300\" height=\"147\" srcset=\"https:\/\/www.elsindical.com.ar\/notas\/var\/www\/html\/notas\/wp-content\/uploads\/2015\/03\/Pablo-Vera-2015-300x147.jpg 300w, https:\/\/www.elsindical.com.ar\/notas\/var\/www\/html\/notas\/wp-content\/uploads\/2015\/03\/Pablo-Vera-2015-500x245.jpg 500w, https:\/\/www.elsindical.com.ar\/notas\/var\/www\/html\/notas\/wp-content\/uploads\/2015\/03\/Pablo-Vera-2015.jpg 620w\" sizes=\"auto, (max-width: 300px) 100vw, 300px\" \/><\/a>El secretario de Gobierno y Seguridad, del municipio de Avellaneda, Pablo Vera, sigue escondido detr\u00e1s de su escritorio para los medios que no son \u00abaliados\u00bb por la pauta a la gesti\u00f3n, por eso, sigue sin responder a las criticas a la polic\u00eda local, que no paran de cometer errores y hasta incumplir la Ley, pero se muestra distendido con los medios que lo cuidan y promocionan las mentiras de la gesti\u00f3n, mientras, los vecinos organizan reclamos en distintos barrios de Avellaneda.<\/p>\n<p>La t\u00e1ctica del deficiente gobierno de Ferraresi ha cambiado, ahora los \u00abpunteros\u00bb no dicen en los barrios que est\u00e1 todo bien en materia de seguridad, sino que para \u00abcontrolar\u00bb las protestas, asumen ellos las mismas, organizan encuentros en clubes, con funcionarios municipales y policiales, y \u00abbicicletean\u00bb a los vecinos que creen estar participando de un reclamo genuino.<\/p>\n<p>Es decir, siguen subestimando a los vecinos, organizar marchas para reclamar m\u00e1s seguridad a la polic\u00eda, siempre es mejor que tener a los vecinos reclamando en el municipio, lo que algunos vecinos parecen no comprender, es que desde hace mucho tiempo, las decisiones en materia de seguridad pasan por los pol\u00edticos y no por los polic\u00edas que son removidos o trasladados seg\u00fan la conveniencia pol\u00edtica, incluso algunos jefes policiales, a pesar de haber demostrado ser ineficientes para su trabajo policial son premiados con ascensos o nuevas designaciones, como por ejemplo el Jefe Departamental de Lan\u00fas &#8211;\u00a0Avellaneda, Comisario Mayor Garc\u00eda, o el desplazado y que Ferraresi por \u00abfavores\u00bb hechos reciclo para la polic\u00eda local el Comisario Mayor Manuel Canosa.<\/p>\n<p>Mientras siguen robando impunemente en algunos barrios, mientras se suman vecinos muertos, siguen zonas liberadas y personajes \u00abintocables\u00bb, barras o \u00abmatones\u00bb de ocasi\u00f3n que se los puede encontrar los d\u00edas de cobro por el Palacio Municipal, el que tenga dudas, que vaya y lo vea por s\u00ed mismo.<\/p>\n<p><strong>Contra la polic\u00eda<\/strong><\/p>\n<p>Lo que pretende la gesti\u00f3n Ferraresi y lo demuestran cada vez que pueden de forma soslayada porque ninguno de los funcionarios actuales hace las cosas de frente o las reconoce, est\u00e1n llevando adelante un desgaste de la imagen de la polic\u00eda bonaerense, confundiendo cada vez que pueden a los vecinos.<\/p>\n<p>Uno de los operadores que no\u00a0pierde ocasi\u00f3n de desacreditar el trabajo de la polic\u00eda, es el secretario de DDHH local Claudio Yacoy, quien tiene un concepto muy acotado de los DDHH, ya que suele no atender siquiera los reclamos genuinos de vecinos, pero s\u00ed gusta de la rosca pol\u00edtica en casos que le permiten hacer pol\u00edtica de la \u00abbarata\u00bb.<\/p>\n<p>Los comentarios de algunos \u00abpunteros\u00bb en los reclamos vecinales que apuntan a describir los \u00abnegocios\u00bb policiales, son para distraer el foco de atenci\u00f3n y enojo de los vecinos ante los casos de inseguridad y que terminen puteando y marchando contra la polic\u00eda. Esto no implica una defensa a la polic\u00eda que tiene y mucho para criticar, pero uno no debe dejar arriar, por esto oportunistas.<\/p>\n<p>Los millonarios gastos en seguridad, c\u00e1maras, m\u00f3viles y dem\u00e1s insumos que pagamos todos por una mala administraci\u00f3n municipal, la generan los pol\u00edticos, no la polic\u00eda, los mismos pol\u00edticos que sostienen a jefes in\u00fatiles y corruptos.<\/p>\n<p>Por eso es necesario no seguir sin comprender que son los pol\u00edticos los que deben dar respuestas y soluciones, son los pol\u00edticos los que se sienten seguros mientras dure el mandato.<\/p>\n<p>Al intendente, a Pablo Vera, M\u00f3nica Ghirelli y el resto de ineficientes, no les preocupa nada que la gente marche o pida justicia en las comisar\u00edas, porque no los compromete, porque no se hacen cargo de la seguridad salvo para las fotos, as\u00ed estamos, vecinos, empiecen a pensar, usted tiene que reclamar a quien corresponde.<\/p>\n<p><a href=\"http:\/\/www.elsindical.com.ar\/notas\/var\/www\/html\/notas\/wp-content\/uploads\/2015\/03\/MDA_9531.jpg\"><img loading=\"lazy\" decoding=\"async\" class=\" size-medium wp-image-49834 aligncenter\" src=\"http:\/\/www.elsindical.com.ar\/notas\/var\/www\/html\/notas\/wp-content\/uploads\/2015\/03\/MDA_9531-300x201.jpg\" alt=\"MDA_9531\" width=\"300\" height=\"201\" srcset=\"https:\/\/www.elsindical.com.ar\/notas\/var\/www\/html\/notas\/wp-content\/uploads\/2015\/03\/MDA_9531-300x201.jpg 300w, https:\/\/www.elsindical.com.ar\/notas\/var\/www\/html\/notas\/wp-content\/uploads\/2015\/03\/MDA_9531-448x300.jpg 448w, https:\/\/www.elsindical.com.ar\/notas\/var\/www\/html\/notas\/wp-content\/uploads\/2015\/03\/MDA_9531.jpg 620w\" sizes=\"auto, (max-width: 300px) 100vw, 300px\" \/><\/a><\/p>\n<p>&nbsp;<\/p>\n<p><em><strong>Por Marcelo Ricardo Hawrylciw<\/strong><\/em><\/p>\n","protected":false},"excerpt":{"rendered":"<p>El secretario de Gobierno y Seguridad, del municipio de Avellaneda, Pablo Vera, sigue escondido detr\u00e1s de su escritorio para los medios que no son \u00abaliados\u00bb por la pauta a la gesti\u00f3n, por eso, sigue sin responder a las criticas a la polic\u00eda local, que no paran de cometer errores y hasta incumplir la Ley, pero&hellip;<\/p>\n","protected":false},"author":1,"featured_media":0,"comment_status":"open","ping_status":"open","sticky":false,"template":"","format":"standard","meta":{"footnotes":""},"categories":[10],"tags":[461,21038,21039,984,1062,13467,986],"class_list":["post-49832","post","type-post","status-publish","format-standard","hentry","category-editorial","tag-avellaneda","tag-comisario-mayor-garcia","tag-comisario-mayor-manuel-canosa","tag-inseguridad","tag-jorge-ferraresi","tag-pablo-vera","tag-vecinos"],"_links":{"self":[{"href":"https:\/\/www.elsindical.com.ar\/notas\/wp-json\/wp\/v2\/posts\/49832","targetHints":{"allow":["GET"]}}],"collection":[{"href":"https:\/\/www.elsindical.com.ar\/notas\/wp-json\/wp\/v2\/posts"}],"about":[{"href":"https:\/\/www.elsindical.com.ar\/notas\/wp-json\/wp\/v2\/types\/post"}],"author":[{"embeddable":true,"href":"https:\/\/www.elsindical.com.ar\/notas\/wp-json\/wp\/v2\/users\/1"}],"replies":[{"embeddable":true,"href":"https:\/\/www.elsindical.com.ar\/notas\/wp-json\/wp\/v2\/comments?post=49832"}],"version-history":[{"count":1,"href":"https:\/\/www.elsindical.com.ar\/notas\/wp-json\/wp\/v2\/posts\/49832\/revisions"}],"predecessor-version":[{"id":49835,"href":"https:\/\/www.elsindical.com.ar\/notas\/wp-json\/wp\/v2\/posts\/49832\/revisions\/49835"}],"wp:attachment":[{"href":"https:\/\/www.elsindical.com.ar\/notas\/wp-json\/wp\/v2\/media?parent=49832"}],"wp:term":[{"taxonomy":"category","embeddable":true,"href":"https:\/\/www.elsindical.com.ar\/notas\/wp-json\/wp\/v2\/categories?post=49832"},{"taxonomy":"post_tag","embeddable":true,"href":"https:\/\/www.elsindical.com.ar\/notas\/wp-json\/wp\/v2\/tags?post=49832"}],"curies":[{"name":"wp","href":"https:\/\/api.w.org\/{rel}","templated":true}]}}