{"id":4983,"date":"2010-03-27T02:13:24","date_gmt":"2010-03-27T05:13:24","guid":{"rendered":"http:\/\/www.elsindical.com.ar\/notas\/?p=4983"},"modified":"2010-03-27T02:13:24","modified_gmt":"2010-03-27T05:13:24","slug":"niegan-la-eximicion-de-prision-al-acusado-de-espiar-a-la-presidenta","status":"publish","type":"post","link":"https:\/\/www.elsindical.com.ar\/notas\/niegan-la-eximicion-de-prision-al-acusado-de-espiar-a-la-presidenta\/","title":{"rendered":"Niegan la eximici\u00f3n de prisi\u00f3n al acusado de espiar a la Presidenta"},"content":{"rendered":"<p style=\"text-align: justify;\"><em><a href=\"http:\/\/www.elsindical.com.ar\/notas\/var\/www\/html\/notas\/wp-content\/uploads\/2010\/03\/Iv\u00e1n-Vel\u00e1zquez-y-Carpintero.jpg\"><img loading=\"lazy\" decoding=\"async\" class=\"alignleft size-full wp-image-4984\" title=\"Iv\u00e1n-Vel\u00e1zquez-y-Carpintero\" src=\"http:\/\/www.elsindical.com.ar\/notas\/var\/www\/html\/notas\/wp-content\/uploads\/2010\/03\/Iv\u00e1n-Vel\u00e1zquez-y-Carpintero.jpg\" alt=\"\" width=\"255\" height=\"199\" \/><\/a>Se trata de un ex Polic\u00eda de Seguridad Aeroportuaria (PSA) que se encuentra pr\u00f3fugo de la Justicia desde julio de 2008, y quien actualmente se encontrar\u00eda en Uruguay. Tambi\u00e9n est\u00e1 acusado de espiar a otros pol\u00edticos y famosos.<\/em><\/p>\n<p style=\"text-align: justify;\">La jueza federal de San Isidro Sandra Arroyo Salgado rechaz\u00f3 concederle la eximici\u00f3n de prisi\u00f3n a un ex polic\u00eda acusado de integrar una red de espionaje que tuvo como v\u00edctimas a famosos, pol\u00edticos y jueces, entre ellos la presidenta Cristina Fern\u00e1ndez de Kirchner y el titular de la Corte Suprema, Ricardo Lorenzetti, y quien se encontrar\u00eda en Uruguay con pedido de captura internacional en su contra.<\/p>\n<p>Fuentes judiciales informaron a Noticias Argentinas que la jueza no hizo lugar al pedido presentado por los abogados de Iv\u00e1n Vel\u00e1zquez, un ex agente de la Polic\u00eda de Seguridad Aeroportuaria (PSA) que se encuentra pr\u00f3fugo de la Justicia desde julio de 2008, y quien actualmente se encontrar\u00eda en Uruguay.<\/p>\n<p>Mientras tanto, a\u00fan sigue procesado con prisi\u00f3n preventiva otro ex agente de la PSA Pablo Carpintero, quien s\u00ed se present\u00f3 ante la Justicia en febrero pasado, y desde ese entonces se encuentra detenido.<\/p>\n<p>Vel\u00e1zquez y Carpintero, quienes previo a su ingreso a la PSA se habr\u00edan desempe\u00f1ado como personal civil de inteligencia del Ej\u00e9rcito, est\u00e1n acusados de espiar nada m\u00e1s y nada menos que a la Presidenta Kirchner, al presidente de la Corte Suprema de Justicia, a varios ministros, y a personajes de la far\u00e1ndula, tales como Susana Gim\u00e9nez, Gerardo Sofovich, y Andrea del Boca, entre un largo listado de v\u00edctimas.<\/p>\n<p>Ambos, expertos en inform\u00e1tica, habr\u00edan hackeado las casillasde mails de estas personas, teniendo acceso a la correspondencia privada.<\/p>\n<p>Los dos fueron separados de la PSA cuando se descubri\u00f3 que formar\u00edan parte de esta presunta red de espionaje.<\/p>\n<p>Luego se refugiaron en Uruguay diciendo que en la Argentina eran v\u00edctimas de una pelea interna de la Secretar\u00eda de Inteligencia del Estado (SIDE) porque -seg\u00fan denunciaron- ellos actuaron por \u00f3rdenes cruzadas de autoridades de la Central.<\/p>\n","protected":false},"excerpt":{"rendered":"<p>Se trata de un ex Polic\u00eda de Seguridad Aeroportuaria (PSA) que se encuentra pr\u00f3fugo de la Justicia desde julio de 2008, y quien actualmente se encontrar\u00eda en Uruguay. Tambi\u00e9n est\u00e1 acusado de espiar a otros pol\u00edticos y famosos. La jueza federal de San Isidro Sandra Arroyo Salgado rechaz\u00f3 concederle la eximici\u00f3n de prisi\u00f3n a un&hellip;<\/p>\n","protected":false},"author":1,"featured_media":0,"comment_status":"open","ping_status":"open","sticky":false,"template":"","format":"standard","meta":{"footnotes":""},"categories":[20],"tags":[839,699,407],"class_list":["post-4983","post","type-post","status-publish","format-standard","hentry","category-judiciales","tag-psa","tag-sandra-arroyo-salgado","tag-side"],"_links":{"self":[{"href":"https:\/\/www.elsindical.com.ar\/notas\/wp-json\/wp\/v2\/posts\/4983","targetHints":{"allow":["GET"]}}],"collection":[{"href":"https:\/\/www.elsindical.com.ar\/notas\/wp-json\/wp\/v2\/posts"}],"about":[{"href":"https:\/\/www.elsindical.com.ar\/notas\/wp-json\/wp\/v2\/types\/post"}],"author":[{"embeddable":true,"href":"https:\/\/www.elsindical.com.ar\/notas\/wp-json\/wp\/v2\/users\/1"}],"replies":[{"embeddable":true,"href":"https:\/\/www.elsindical.com.ar\/notas\/wp-json\/wp\/v2\/comments?post=4983"}],"version-history":[{"count":1,"href":"https:\/\/www.elsindical.com.ar\/notas\/wp-json\/wp\/v2\/posts\/4983\/revisions"}],"predecessor-version":[{"id":4985,"href":"https:\/\/www.elsindical.com.ar\/notas\/wp-json\/wp\/v2\/posts\/4983\/revisions\/4985"}],"wp:attachment":[{"href":"https:\/\/www.elsindical.com.ar\/notas\/wp-json\/wp\/v2\/media?parent=4983"}],"wp:term":[{"taxonomy":"category","embeddable":true,"href":"https:\/\/www.elsindical.com.ar\/notas\/wp-json\/wp\/v2\/categories?post=4983"},{"taxonomy":"post_tag","embeddable":true,"href":"https:\/\/www.elsindical.com.ar\/notas\/wp-json\/wp\/v2\/tags?post=4983"}],"curies":[{"name":"wp","href":"https:\/\/api.w.org\/{rel}","templated":true}]}}