{"id":49819,"date":"2015-03-16T12:02:15","date_gmt":"2015-03-16T15:02:15","guid":{"rendered":"http:\/\/www.elsindical.com.ar\/notas\/?p=49819"},"modified":"2015-03-16T12:02:15","modified_gmt":"2015-03-16T15:02:15","slug":"ferraresi-confirma-el-cierre-del-hospital-dr-eduardo-wilde","status":"publish","type":"post","link":"https:\/\/www.elsindical.com.ar\/notas\/ferraresi-confirma-el-cierre-del-hospital-dr-eduardo-wilde\/","title":{"rendered":"Ferraresi confirma el cierre del Hospital Dr. Eduardo Wilde"},"content":{"rendered":"<p><em><a href=\"http:\/\/www.elsindical.com.ar\/notas\/var\/www\/html\/notas\/wp-content\/uploads\/2013\/02\/Hospital-Municpal-de-Wilde.jpg\"><img loading=\"lazy\" decoding=\"async\" class=\"alignnone size-medium wp-image-32764\" src=\"http:\/\/www.elsindical.com.ar\/notas\/var\/www\/html\/notas\/wp-content\/uploads\/2013\/02\/Hospital-Municpal-de-Wilde-300x186.jpg\" alt=\"Hospital-Municpal-de-Wilde\" width=\"300\" height=\"186\" srcset=\"https:\/\/www.elsindical.com.ar\/notas\/var\/www\/html\/notas\/wp-content\/uploads\/2013\/02\/Hospital-Municpal-de-Wilde-300x186.jpg 300w, https:\/\/www.elsindical.com.ar\/notas\/var\/www\/html\/notas\/wp-content\/uploads\/2013\/02\/Hospital-Municpal-de-Wilde.jpg 443w\" sizes=\"auto, (max-width: 300px) 100vw, 300px\" \/><\/a>El ex concejal Beto Silva sali\u00f3 al cruce de las declaraciones del Intendente Ing Jorge Ferraresi, al medio local \u00abLa Ciudad\u00bb de Avellaneda, donde <\/em><span class=\"text_exposed_show\"><em>asegura que el hospital Dr Eduardo Wilde ser\u00e1 un hospital de referencia en traumatolog\u00eda, lo que significa para Silva, que el resto de los servicios ser\u00e1n eliminados dejando con esta aseveraci\u00f3n, m\u00e1s que claro cual es el objetivo final de esta gesti\u00f3n.<\/em> <\/span><\/p>\n<p><span class=\"text_exposed_show\">Al momento que realizamos la denuncia advert\u00edamos de esta posibilidad que hoy queda develada por el propio jefe comunal, mientras que sus funcionarios declaraban que nosotros ment\u00edamos al asegurar esto.<br \/>\n<\/span><\/p>\n<p><span class=\"text_exposed_show\">El ex edil Silva, asegura que para sostener esta \u00abFILOSOF\u00cdA\u00bb es necesario argumentar con mentiras, as\u00ed lo hace el Ingeniero Ferraresi cuando afirma que los hospitales bonaerense son un para\u00edso en salud y cualquier vecino sabe que esto es una absurda mentira, los trabajadores de la salud provincial realizan paros en forma permanente por cierre de servicios por falta de profesionales y por falta de insumos y por atraso salarial etc. sobran ejemplos para mostrar esta realidad dice silva y pone como ejemplo esto\u00a0\u00abpostergan 400 cirug\u00edas por falta de anestesistas\u00bb Hospital Evita de Lan\u00fas\u00bb,\u00a0\u00abintentan cerrar servicio de neonatolog\u00eda Hospital O\u00d1ATIVIA de Alte. Brown\u00bb,\u00a0\u00abHospital Evita Pueblo de Berazategui colapsado\u00bb,\u00a0 y as\u00ed podr\u00edamos seguir enumerando la cantidad de denuncia que a diario recibe el sistema de salud que Ferraresi asegura diciendo \u00ablos hospitales provinciales que tenemos en nuestra ciudad son excelentes. En atenci\u00f3n, en infraestructura, en tecnolog\u00eda. Salvo los trabajadores de la salud el resto es MENTIRA y aso lo comprueba d\u00eda a d\u00eda la gente de Avellaneda.<\/p>\n<p>MENTIR es el precepto que tiene el ingeniero Ferraresi cuando afirma que la mayor\u00eda del personal del hospital esta de acuerdo con su postura, basta con que se ocupe en leer y contar las firmas que acompa\u00f1an la denuncia para no seguir mintiendo, es obvio que sus asesoras le est\u00e1n diciendo otra cosa que no es real pero tambi\u00e9n se desentiende de ese 97% que esta en contra de la provincializaci\u00f3n.<\/span><\/p>\n<p><span class=\"text_exposed_show\">Intendente de Avellaneda Ing Jorge Ferraresi, en Avellaneda vive gente que piensa que ve, que siente y por sobre todo sabe, igual que usted, que casi un 70% no lo tiene en su consideraci\u00f3n, el Hospital Dr Eduardo Wilde tiene un radio de incidencia en la ciudad de Wilde y zonas aleda\u00f1as por su desacertada iniciativa de provincializar este hospital su imagen se derrumba al ritmo de su mentira.<\/span><\/p>\n","protected":false},"excerpt":{"rendered":"<p>El ex concejal Beto Silva sali\u00f3 al cruce de las declaraciones del Intendente Ing Jorge Ferraresi, al medio local \u00abLa Ciudad\u00bb de Avellaneda, donde asegura que el hospital Dr Eduardo Wilde ser\u00e1 un hospital de referencia en traumatolog\u00eda, lo que significa para Silva, que el resto de los servicios ser\u00e1n eliminados dejando con esta aseveraci\u00f3n,&hellip;<\/p>\n","protected":false},"author":1,"featured_media":0,"comment_status":"open","ping_status":"open","sticky":false,"template":"","format":"standard","meta":{"footnotes":""},"categories":[13],"tags":[461,18979,253,9708,1062],"class_list":["post-49819","post","type-post","status-publish","format-standard","hentry","category-politica","tag-avellaneda","tag-beto-silva","tag-declaraciones","tag-hospital-de-wilde","tag-jorge-ferraresi"],"_links":{"self":[{"href":"https:\/\/www.elsindical.com.ar\/notas\/wp-json\/wp\/v2\/posts\/49819","targetHints":{"allow":["GET"]}}],"collection":[{"href":"https:\/\/www.elsindical.com.ar\/notas\/wp-json\/wp\/v2\/posts"}],"about":[{"href":"https:\/\/www.elsindical.com.ar\/notas\/wp-json\/wp\/v2\/types\/post"}],"author":[{"embeddable":true,"href":"https:\/\/www.elsindical.com.ar\/notas\/wp-json\/wp\/v2\/users\/1"}],"replies":[{"embeddable":true,"href":"https:\/\/www.elsindical.com.ar\/notas\/wp-json\/wp\/v2\/comments?post=49819"}],"version-history":[{"count":1,"href":"https:\/\/www.elsindical.com.ar\/notas\/wp-json\/wp\/v2\/posts\/49819\/revisions"}],"predecessor-version":[{"id":49820,"href":"https:\/\/www.elsindical.com.ar\/notas\/wp-json\/wp\/v2\/posts\/49819\/revisions\/49820"}],"wp:attachment":[{"href":"https:\/\/www.elsindical.com.ar\/notas\/wp-json\/wp\/v2\/media?parent=49819"}],"wp:term":[{"taxonomy":"category","embeddable":true,"href":"https:\/\/www.elsindical.com.ar\/notas\/wp-json\/wp\/v2\/categories?post=49819"},{"taxonomy":"post_tag","embeddable":true,"href":"https:\/\/www.elsindical.com.ar\/notas\/wp-json\/wp\/v2\/tags?post=49819"}],"curies":[{"name":"wp","href":"https:\/\/api.w.org\/{rel}","templated":true}]}}