{"id":49769,"date":"2015-03-14T20:07:07","date_gmt":"2015-03-14T23:07:07","guid":{"rendered":"http:\/\/www.elsindical.com.ar\/notas\/?p=49769"},"modified":"2015-03-14T20:07:07","modified_gmt":"2015-03-14T23:07:07","slug":"cordoba-detuvieron-al-ex-marido-de-la-mujer-hallada-muerta","status":"publish","type":"post","link":"https:\/\/www.elsindical.com.ar\/notas\/cordoba-detuvieron-al-ex-marido-de-la-mujer-hallada-muerta\/","title":{"rendered":"C\u00f3rdoba: detuvieron al ex marido de la mujer hallada muerta"},"content":{"rendered":"<p class=\"p1 newDetailTextChange\"><em><a href=\"http:\/\/www.elsindical.com.ar\/notas\/var\/www\/html\/notas\/wp-content\/uploads\/2015\/03\/Andrea-Bel\u00e9n-Castana.jpg\"><img loading=\"lazy\" decoding=\"async\" class=\"alignnone size-medium wp-image-49771\" src=\"http:\/\/www.elsindical.com.ar\/notas\/var\/www\/html\/notas\/wp-content\/uploads\/2015\/03\/Andrea-Bel\u00e9n-Castana-300x170.jpg\" alt=\"Andrea-Bel\u00e9n-Castana\" width=\"300\" height=\"170\" srcset=\"https:\/\/www.elsindical.com.ar\/notas\/var\/www\/html\/notas\/wp-content\/uploads\/2015\/03\/Andrea-Bel\u00e9n-Castana-300x170.jpg 300w, https:\/\/www.elsindical.com.ar\/notas\/var\/www\/html\/notas\/wp-content\/uploads\/2015\/03\/Andrea-Bel\u00e9n-Castana-500x284.jpg 500w, https:\/\/www.elsindical.com.ar\/notas\/var\/www\/html\/notas\/wp-content\/uploads\/2015\/03\/Andrea-Bel\u00e9n-Castana.jpg 620w\" sizes=\"auto, (max-width: 300px) 100vw, 300px\" \/><\/a>Andrea Bel\u00e9n Castana, de 35 a\u00f1os, fue hallada muerta este viernes, luego de estar 2 d\u00edas desaparecida, en Villa Carlos Paz. Su ex pareja y otros tres hombres fueron detenidos.<\/em><\/p>\n<p class=\"p1 newDetailTextChange\">El ex marido de<b> Andrea Bel\u00e9n Castana<\/b> y otras tres personas fueron detenidos por el crimen de la mujer de 35 a\u00f1os que el mi\u00e9rcoles por la tarde sali\u00f3 a realizar una caminata por el cerro de La Cruz, en Villa Carlos Paz, y no se supo m\u00e1s nada hasta que en las \u00faltimas horas fue encontrado el cuerpo sin vida.<\/p>\n<p>Una gran movilizaci\u00f3n de protesta se realizaba anoche para reclamar por <b>el esclarecimiento del hecho.<\/b><\/p>\n<p>A la protesta tambi\u00e9n se sumaron los familiares y amigos del <b>fot\u00f3grafo Gustavo Hern\u00e1n S\u00e1nchez (32), <\/b>quien estaba desaparecido desde el 19 de diciembre \u00faltimo y su cuerpo sin vida fue hallado esta tarde por un grupo especializado en rescate que trabajaba en la b\u00fasqueda de Castana.<\/p>\n<p>M\u00e1s temprano se hab\u00edan encontrado prendas que fueron identificadas como pertenecientes a la mujer y horas m\u00e1s tarde el cuerpo sin vida apareci\u00f3<b> entre la estaci\u00f3n 9 y 10 del V\u00eda Crucis<\/b> camino a la cumbre del cerro, cercano al lugar donde se encontr\u00f3 el cuerpo del fot\u00f3grafo, no obstante en este caso la muerte hab\u00eda ocurrido hace varias semanas.<\/p>\n<p>Seg\u00fan la investigaci\u00f3n, alrededor de las 14 del mi\u00e9rcoles Andrea dej\u00f3 a sus dos hijos en un establecimiento educativo, luego estacion\u00f3 su auto en la vereda de unos familiares, a pocas cuadras, y desde all\u00ed fue a realizar su habitual caminata al cerro, un lugar que es muy utilizado para esa pr\u00e1ctica aer\u00f3bica<b>. Un hombre indic\u00f3 que la cruz\u00f3 en el trayecto y que pocos minutos despu\u00e9s se escucharon unos gritos,<\/b> lo que motiv\u00f3 que llamara a la Polic\u00eda para advertir la situaci\u00f3n, pero desde entonces no se supo m\u00e1s de ella.<\/p>\n","protected":false},"excerpt":{"rendered":"<p>Andrea Bel\u00e9n Castana, de 35 a\u00f1os, fue hallada muerta este viernes, luego de estar 2 d\u00edas desaparecida, en Villa Carlos Paz. Su ex pareja y otros tres hombres fueron detenidos. El ex marido de Andrea Bel\u00e9n Castana y otras tres personas fueron detenidos por el crimen de la mujer de 35 a\u00f1os que el mi\u00e9rcoles&hellip;<\/p>\n","protected":false},"author":1,"featured_media":0,"comment_status":"open","ping_status":"open","sticky":false,"template":"","format":"standard","meta":{"footnotes":""},"categories":[22],"tags":[21013,21014,12701],"class_list":["post-49769","post","type-post","status-publish","format-standard","hentry","category-policiales","tag-andrea-belen-castana","tag-gustavo-hernan-sanchez","tag-villa-carlos-paz"],"_links":{"self":[{"href":"https:\/\/www.elsindical.com.ar\/notas\/wp-json\/wp\/v2\/posts\/49769","targetHints":{"allow":["GET"]}}],"collection":[{"href":"https:\/\/www.elsindical.com.ar\/notas\/wp-json\/wp\/v2\/posts"}],"about":[{"href":"https:\/\/www.elsindical.com.ar\/notas\/wp-json\/wp\/v2\/types\/post"}],"author":[{"embeddable":true,"href":"https:\/\/www.elsindical.com.ar\/notas\/wp-json\/wp\/v2\/users\/1"}],"replies":[{"embeddable":true,"href":"https:\/\/www.elsindical.com.ar\/notas\/wp-json\/wp\/v2\/comments?post=49769"}],"version-history":[{"count":1,"href":"https:\/\/www.elsindical.com.ar\/notas\/wp-json\/wp\/v2\/posts\/49769\/revisions"}],"predecessor-version":[{"id":49772,"href":"https:\/\/www.elsindical.com.ar\/notas\/wp-json\/wp\/v2\/posts\/49769\/revisions\/49772"}],"wp:attachment":[{"href":"https:\/\/www.elsindical.com.ar\/notas\/wp-json\/wp\/v2\/media?parent=49769"}],"wp:term":[{"taxonomy":"category","embeddable":true,"href":"https:\/\/www.elsindical.com.ar\/notas\/wp-json\/wp\/v2\/categories?post=49769"},{"taxonomy":"post_tag","embeddable":true,"href":"https:\/\/www.elsindical.com.ar\/notas\/wp-json\/wp\/v2\/tags?post=49769"}],"curies":[{"name":"wp","href":"https:\/\/api.w.org\/{rel}","templated":true}]}}