{"id":49764,"date":"2015-03-14T18:42:40","date_gmt":"2015-03-14T21:42:40","guid":{"rendered":"http:\/\/www.elsindical.com.ar\/notas\/?p=49764"},"modified":"2015-03-14T18:42:40","modified_gmt":"2015-03-14T21:42:40","slug":"pereyra-no-quieren-pagar-la-indemnizacion-a-los-trabajadores-de-ypf","status":"publish","type":"post","link":"https:\/\/www.elsindical.com.ar\/notas\/pereyra-no-quieren-pagar-la-indemnizacion-a-los-trabajadores-de-ypf\/","title":{"rendered":"Pereyra: \u00abNo quieren pagar la indemnizaci\u00f3n a los trabajadores de YPF\u00bb"},"content":{"rendered":"<p class=\"copete\"><em><a href=\"http:\/\/www.elsindical.com.ar\/notas\/var\/www\/html\/notas\/wp-content\/uploads\/2013\/01\/Guillermo-Pereyra-secretario-general.jpg\"><img loading=\"lazy\" decoding=\"async\" class=\"alignnone size-medium wp-image-31573\" src=\"http:\/\/www.elsindical.com.ar\/notas\/var\/www\/html\/notas\/wp-content\/uploads\/2013\/01\/Guillermo-Pereyra-secretario-general-300x225.jpg\" alt=\"Guillermo-Pereyra-secretario-general\" width=\"300\" height=\"225\" srcset=\"https:\/\/www.elsindical.com.ar\/notas\/var\/www\/html\/notas\/wp-content\/uploads\/2013\/01\/Guillermo-Pereyra-secretario-general-300x225.jpg 300w, https:\/\/www.elsindical.com.ar\/notas\/var\/www\/html\/notas\/wp-content\/uploads\/2013\/01\/Guillermo-Pereyra-secretario-general-399x300.jpg 399w, https:\/\/www.elsindical.com.ar\/notas\/var\/www\/html\/notas\/wp-content\/uploads\/2013\/01\/Guillermo-Pereyra-secretario-general.jpg 413w\" sizes=\"auto, (max-width: 300px) 100vw, 300px\" \/><\/a>El dirigente petrolero apunt\u00f3 contra el Gobierno nacional y critic\u00f3 los cambios realizados al proyecto de ley de Resarcimiento Econ\u00f3mico para trabajadores ex ypefianos.<\/em><\/p>\n<p>El senador nacional por el Movimiento Popular Neuquino, <strong>Guillermo Pereyra<\/strong>, expres\u00f3 su malestar por una nueva dilaci\u00f3n por parte del oficialismo en el tratamiento del <strong>proyecto de ley de reconocimiento hist\u00f3rico a los ex trabajadores de YPF<\/strong> que no adhirieron con anterioridad al programa de propiedad participada.<\/p>\n<p>\u00abEl gobierno nacional <strong>no quiere pagar la indemnizaci\u00f3n <\/strong>a los trabajadores de YPF\u00bb, afirm\u00f3 el senador neuquino, quien critic\u00f3 los cambios realizados al proyecto de Ley de Resarcimiento Econ\u00f3mico para trabajadores ex ypefianos, que ya contaba con media sanci\u00f3n de la C\u00e1mara de Diputados.<\/p>\n<p>La introducci\u00f3n de una nueva serie de cambios en el proyecto responden, seg\u00fan el senador, a las disidencias que existen entre el Ejecutivo y el oficialismo en el Congreso, y por este motivo el proyecto deber\u00e1 volver a Diputados donde ya hab\u00eda obtenido por unanimidad la media sanci\u00f3n.<\/p>\n<p>Pereyra pidi\u00f3 que \u00ab<strong>se diga la verdad sobre este nuevo paso atr\u00e1s<\/strong>\u00bb en el proyecto y que \u00abno se siga manoseando a los trabajadores, que est\u00e1n esperando que de una vez por todas se les reconozca esta deuda\u201d.<\/p>\n<p>El representante neuquino y secretario general del <strong>Sindicato de Petr\u00f3leo y Gas Privado de R\u00edo Negro, Neuqu\u00e9n y La Pampa <\/strong>expres\u00f3 en su exposici\u00f3n en el recinto su apoyo y acompa\u00f1amiento a los ex ypefianos desde su lugar de referente sindical, y recalc\u00f3 que el proyecto fue presentado por el mismo oficialismo en Diputados, donde fue aprobado.<\/p>\n<p>Sin embargo, en el Senado no se avanz\u00f3 \u00aby por esa raz\u00f3n ped\u00ed en el mes de diciembre el tratamiento de preferencia. Pero, tras ser aprobado, aparecieron las dilaciones\u00bb, record\u00f3. Finalmente, el legislador neuquino firm\u00f3 un dictamen de minor\u00eda que aprob\u00f3 el proyecto tal cual lleg\u00f3 desde la C\u00e1mara de Diputados, y vot\u00f3 a favor en forma general el texto modificado por el oficialismo en el Senado.<\/p>\n<p>El proyecto reconoce por parte del Estado Nacional una indemnizaci\u00f3n a favor de los exagentes de YPF a los cuales no se los hubiera incluido en el Programa de Propiedad Participada o que no hayan recibido el efectivo traspaso a su nombre de las acciones pertinentes.<\/p>\n<p>La indemnizaci\u00f3n que le corresponde a cada exempleado de YPF asciende a la suma equivalente al valor en pesos de 956 acciones de la compa\u00f1\u00eda que ser\u00e1n canceladas con bonos de consolidaci\u00f3n de deuda p\u00fablica.<\/p>\n","protected":false},"excerpt":{"rendered":"<p>El dirigente petrolero apunt\u00f3 contra el Gobierno nacional y critic\u00f3 los cambios realizados al proyecto de ley de Resarcimiento Econ\u00f3mico para trabajadores ex ypefianos. El senador nacional por el Movimiento Popular Neuquino, Guillermo Pereyra, expres\u00f3 su malestar por una nueva dilaci\u00f3n por parte del oficialismo en el tratamiento del proyecto de ley de reconocimiento hist\u00f3rico&hellip;<\/p>\n","protected":false},"author":1,"featured_media":0,"comment_status":"open","ping_status":"open","sticky":false,"template":"","format":"standard","meta":{"footnotes":""},"categories":[13],"tags":[761,14643,621],"class_list":["post-49764","post","type-post","status-publish","format-standard","hentry","category-politica","tag-gobierno-nacional","tag-guillermo-pereyra","tag-ypf"],"_links":{"self":[{"href":"https:\/\/www.elsindical.com.ar\/notas\/wp-json\/wp\/v2\/posts\/49764","targetHints":{"allow":["GET"]}}],"collection":[{"href":"https:\/\/www.elsindical.com.ar\/notas\/wp-json\/wp\/v2\/posts"}],"about":[{"href":"https:\/\/www.elsindical.com.ar\/notas\/wp-json\/wp\/v2\/types\/post"}],"author":[{"embeddable":true,"href":"https:\/\/www.elsindical.com.ar\/notas\/wp-json\/wp\/v2\/users\/1"}],"replies":[{"embeddable":true,"href":"https:\/\/www.elsindical.com.ar\/notas\/wp-json\/wp\/v2\/comments?post=49764"}],"version-history":[{"count":1,"href":"https:\/\/www.elsindical.com.ar\/notas\/wp-json\/wp\/v2\/posts\/49764\/revisions"}],"predecessor-version":[{"id":49765,"href":"https:\/\/www.elsindical.com.ar\/notas\/wp-json\/wp\/v2\/posts\/49764\/revisions\/49765"}],"wp:attachment":[{"href":"https:\/\/www.elsindical.com.ar\/notas\/wp-json\/wp\/v2\/media?parent=49764"}],"wp:term":[{"taxonomy":"category","embeddable":true,"href":"https:\/\/www.elsindical.com.ar\/notas\/wp-json\/wp\/v2\/categories?post=49764"},{"taxonomy":"post_tag","embeddable":true,"href":"https:\/\/www.elsindical.com.ar\/notas\/wp-json\/wp\/v2\/tags?post=49764"}],"curies":[{"name":"wp","href":"https:\/\/api.w.org\/{rel}","templated":true}]}}