{"id":49756,"date":"2015-03-14T03:20:14","date_gmt":"2015-03-14T06:20:14","guid":{"rendered":"http:\/\/www.elsindical.com.ar\/notas\/?p=49756"},"modified":"2015-03-14T03:20:14","modified_gmt":"2015-03-14T06:20:14","slug":"la-empresa-amodil-libera-patota-para-atacar-acto-por-reincorporacion-de-juan-cruz-vulcano","status":"publish","type":"post","link":"https:\/\/www.elsindical.com.ar\/notas\/la-empresa-amodil-libera-patota-para-atacar-acto-por-reincorporacion-de-juan-cruz-vulcano\/","title":{"rendered":"La empresa Amodil libera patota para atacar acto por reincorporaci\u00f3n de Juan Cruz Vulcano"},"content":{"rendered":"<p><em><a href=\"http:\/\/www.elsindical.com.ar\/notas\/var\/www\/html\/notas\/wp-content\/uploads\/2015\/03\/Amodil.jpg\"><img loading=\"lazy\" decoding=\"async\" class=\"alignnone size-medium wp-image-49757\" src=\"http:\/\/www.elsindical.com.ar\/notas\/var\/www\/html\/notas\/wp-content\/uploads\/2015\/03\/Amodil-300x112.jpg\" alt=\"Amodil\" width=\"300\" height=\"112\" srcset=\"https:\/\/www.elsindical.com.ar\/notas\/var\/www\/html\/notas\/wp-content\/uploads\/2015\/03\/Amodil-300x112.jpg 300w, https:\/\/www.elsindical.com.ar\/notas\/var\/www\/html\/notas\/wp-content\/uploads\/2015\/03\/Amodil-500x187.jpg 500w, https:\/\/www.elsindical.com.ar\/notas\/var\/www\/html\/notas\/wp-content\/uploads\/2015\/03\/Amodil.jpg 502w\" sizes=\"auto, (max-width: 300px) 100vw, 300px\" \/><\/a>El viernes, en la puerta de la empresa Amodil, ubicada en el Parque Industrial Llave, Intendente Neyer 924, en el barrio de Beccar, se realiz\u00f3 un acto por la reincorporaci\u00f3n del ex delegado perfumista Juan Cruz Vulcano.<\/em><\/p>\n<p>El acto se llev\u00f3 a cabo con tranquilidad, en el mismo participaron delegaciones de trabajadores docentes, pl\u00e1sticos, perfumistas y del neum\u00e1tico. Se encontraba el Suteba Escobar, la Fuba, centros de estudiantes de la Untref, Unsam y Gral. Sarmiento, entre otros. El acto denunci\u00f3 el accionar ilegal de la empresa Amodil frente al despido del ex delegado q se encuentra con fueros gremiales.<\/p>\n<p>Al finalizar el acto, la empresa liber\u00f3 una patota a cargo de los delegados camioneros Diego Caseres, Sebasti\u00e1n\u00a0 Hidalgo y el Secretario General de la rama Log\u00edstica, Oscar Borda y Jorge De Santiago, Secretario de Actas, tambi\u00e9n de la rama Log\u00edstica.<\/p>\n<p>En una acci\u00f3n claramente criminal emboscaron\u00a0la manifestaci\u00f3n cuando la misma estaba desconcentrando. Este ataque no hubiera sido posible si la empresa no les hubiese permitido salir en horario de trabajo a la patota, que llevo enga\u00f1ados, a una supuesta asamblea, a un grupo de trabajadores que fueron testigos privilegiados del ataque y sin tener en claro lo que suced\u00eda. En medio del ataque el delegado Caseres amenaz\u00f3 de muerte a la ex trabajadora Guadalupe R\u00edos.<\/p>\n<p>Responsabilizamos de los hechos de violencia, en primer lugar, a la empresa Naturel SA. (Amodil), al Secretario General de Log\u00edstica de camioneros Oscar Borda, Secretario de Actas, Jorge De Santiago y a los delegados Diego Caseres y Sebasti\u00e1n Hidalgo.<br \/>\n<strong>Coordinadora Sindical Clasista &#8211; Partido obrero<\/strong><\/p>\n<p><strong>Juan Cruz Vulcano, trabajador despedido de Amodil, 1554772321<\/strong><\/p>\n<p><strong>Juan Pablo Rodr\u00edguez, dirigente nacional del Partido Obrero, 1554873760<\/strong><\/p>\n","protected":false},"excerpt":{"rendered":"<p>El viernes, en la puerta de la empresa Amodil, ubicada en el Parque Industrial Llave, Intendente Neyer 924, en el barrio de Beccar, se realiz\u00f3 un acto por la reincorporaci\u00f3n del ex delegado perfumista Juan Cruz Vulcano. El acto se llev\u00f3 a cabo con tranquilidad, en el mismo participaron delegaciones de trabajadores docentes, pl\u00e1sticos, perfumistas&hellip;<\/p>\n","protected":false},"author":1,"featured_media":0,"comment_status":"open","ping_status":"open","sticky":false,"template":"","format":"standard","meta":{"footnotes":""},"categories":[6],"tags":[21010,5179,439,3648],"class_list":["post-49756","post","type-post","status-publish","format-standard","hentry","category-denuncias","tag-amodil","tag-beccar","tag-empresa","tag-patota"],"_links":{"self":[{"href":"https:\/\/www.elsindical.com.ar\/notas\/wp-json\/wp\/v2\/posts\/49756","targetHints":{"allow":["GET"]}}],"collection":[{"href":"https:\/\/www.elsindical.com.ar\/notas\/wp-json\/wp\/v2\/posts"}],"about":[{"href":"https:\/\/www.elsindical.com.ar\/notas\/wp-json\/wp\/v2\/types\/post"}],"author":[{"embeddable":true,"href":"https:\/\/www.elsindical.com.ar\/notas\/wp-json\/wp\/v2\/users\/1"}],"replies":[{"embeddable":true,"href":"https:\/\/www.elsindical.com.ar\/notas\/wp-json\/wp\/v2\/comments?post=49756"}],"version-history":[{"count":1,"href":"https:\/\/www.elsindical.com.ar\/notas\/wp-json\/wp\/v2\/posts\/49756\/revisions"}],"predecessor-version":[{"id":49758,"href":"https:\/\/www.elsindical.com.ar\/notas\/wp-json\/wp\/v2\/posts\/49756\/revisions\/49758"}],"wp:attachment":[{"href":"https:\/\/www.elsindical.com.ar\/notas\/wp-json\/wp\/v2\/media?parent=49756"}],"wp:term":[{"taxonomy":"category","embeddable":true,"href":"https:\/\/www.elsindical.com.ar\/notas\/wp-json\/wp\/v2\/categories?post=49756"},{"taxonomy":"post_tag","embeddable":true,"href":"https:\/\/www.elsindical.com.ar\/notas\/wp-json\/wp\/v2\/tags?post=49756"}],"curies":[{"name":"wp","href":"https:\/\/api.w.org\/{rel}","templated":true}]}}