{"id":49735,"date":"2015-03-13T09:58:07","date_gmt":"2015-03-13T12:58:07","guid":{"rendered":"http:\/\/www.elsindical.com.ar\/notas\/?p=49735"},"modified":"2015-03-13T10:11:34","modified_gmt":"2015-03-13T13:11:34","slug":"entrevista-al-concejal-cristian-bosio-en-el-hcd-de-lanus","status":"publish","type":"post","link":"https:\/\/www.elsindical.com.ar\/notas\/entrevista-al-concejal-cristian-bosio-en-el-hcd-de-lanus\/","title":{"rendered":"Entrevista al concejal Cristian Bosio en el HCD de Lan\u00fas"},"content":{"rendered":"<p><a href=\"http:\/\/www.elsindical.com.ar\/notas\/var\/www\/html\/notas\/wp-content\/uploads\/2015\/03\/P1490907.jpg\"><img loading=\"lazy\" decoding=\"async\" class=\"alignnone size-medium wp-image-49736\" src=\"http:\/\/www.elsindical.com.ar\/notas\/var\/www\/html\/notas\/wp-content\/uploads\/2015\/03\/P1490907-300x214.jpg\" alt=\"P1490907\" width=\"300\" height=\"214\" srcset=\"https:\/\/www.elsindical.com.ar\/notas\/var\/www\/html\/notas\/wp-content\/uploads\/2015\/03\/P1490907-300x214.jpg 300w, https:\/\/www.elsindical.com.ar\/notas\/var\/www\/html\/notas\/wp-content\/uploads\/2015\/03\/P1490907-420x300.jpg 420w, https:\/\/www.elsindical.com.ar\/notas\/var\/www\/html\/notas\/wp-content\/uploads\/2015\/03\/P1490907.jpg 620w\" sizes=\"auto, (max-width: 300px) 100vw, 300px\" \/><\/a> Entrevistamos al concejal Cristian Bosio del FR en el recinto del HCD de Lan\u00fas, donde en las puertas del mismo se manifestaban un grupo de vecinos de Villa Diamante y otros barrios donde esperan que los concejales den el qu\u00f3rum necesario para aprobar el tendido de redes el\u00e9ctricas y esto termine con las conexiones clandestinas que ponen en riesgo la vida y los bienes del los habitantes de los lugares afectados.<\/p>\n<p>Las criticas eran hacia algunos concejales especialmente todas las criticas apuntaban al concejal Russo, aunque se extend\u00eda al resto de concejales de la oposici\u00f3n, por lo que entrevistamos al concejal Cristian Bosio, el que quiso dejar aclarada cu\u00e1l es la posici\u00f3n tanto de \u00e9l, como del concejal Gabriel Dimasi.<\/p>\n<p>Horas antes del comienzo de la sesi\u00f3n se produjeron algunos hechos violentos de intercambio de insultos, amenazas y trompadas con un grupo de personas que llegaron para apoyar al concejal Russo, los que superados en n\u00famero luego ingresaron al HCD.<\/p>\n<p><iframe loading=\"lazy\" src=\"https:\/\/www.youtube.com\/embed\/ETd_n7d1PDs\" width=\"580\" height=\"420\" frameborder=\"0\" allowfullscreen=\"allowfullscreen\"><\/iframe><\/p>\n<p><em><strong>Por Marcelo Ricardo Hawrylciw<\/strong><\/em><\/p>\n","protected":false},"excerpt":{"rendered":"<p>Entrevistamos al concejal Cristian Bosio del FR en el recinto del HCD de Lan\u00fas, donde en las puertas del mismo se manifestaban un grupo de vecinos de Villa Diamante y otros barrios donde esperan que los concejales den el qu\u00f3rum necesario para aprobar el tendido de redes el\u00e9ctricas y esto termine con las conexiones clandestinas&hellip;<\/p>\n","protected":false},"author":1,"featured_media":0,"comment_status":"open","ping_status":"open","sticky":false,"template":"","format":"standard","meta":{"footnotes":""},"categories":[13],"tags":[20562,21003,16587,209,292,20539,986],"class_list":["post-49735","post","type-post","status-publish","format-standard","hentry","category-politica","tag-cristian-bosio","tag-gabriel-di-masi","tag-hcd","tag-lanus","tag-protesta","tag-russo","tag-vecinos"],"_links":{"self":[{"href":"https:\/\/www.elsindical.com.ar\/notas\/wp-json\/wp\/v2\/posts\/49735","targetHints":{"allow":["GET"]}}],"collection":[{"href":"https:\/\/www.elsindical.com.ar\/notas\/wp-json\/wp\/v2\/posts"}],"about":[{"href":"https:\/\/www.elsindical.com.ar\/notas\/wp-json\/wp\/v2\/types\/post"}],"author":[{"embeddable":true,"href":"https:\/\/www.elsindical.com.ar\/notas\/wp-json\/wp\/v2\/users\/1"}],"replies":[{"embeddable":true,"href":"https:\/\/www.elsindical.com.ar\/notas\/wp-json\/wp\/v2\/comments?post=49735"}],"version-history":[{"count":2,"href":"https:\/\/www.elsindical.com.ar\/notas\/wp-json\/wp\/v2\/posts\/49735\/revisions"}],"predecessor-version":[{"id":49738,"href":"https:\/\/www.elsindical.com.ar\/notas\/wp-json\/wp\/v2\/posts\/49735\/revisions\/49738"}],"wp:attachment":[{"href":"https:\/\/www.elsindical.com.ar\/notas\/wp-json\/wp\/v2\/media?parent=49735"}],"wp:term":[{"taxonomy":"category","embeddable":true,"href":"https:\/\/www.elsindical.com.ar\/notas\/wp-json\/wp\/v2\/categories?post=49735"},{"taxonomy":"post_tag","embeddable":true,"href":"https:\/\/www.elsindical.com.ar\/notas\/wp-json\/wp\/v2\/tags?post=49735"}],"curies":[{"name":"wp","href":"https:\/\/api.w.org\/{rel}","templated":true}]}}