{"id":49714,"date":"2015-03-12T22:05:51","date_gmt":"2015-03-13T01:05:51","guid":{"rendered":"http:\/\/www.elsindical.com.ar\/notas\/?p=49714"},"modified":"2015-03-12T22:05:51","modified_gmt":"2015-03-13T01:05:51","slug":"desaparecio-financista-al-que-le-balearon-la-casa","status":"publish","type":"post","link":"https:\/\/www.elsindical.com.ar\/notas\/desaparecio-financista-al-que-le-balearon-la-casa\/","title":{"rendered":"Desapareci\u00f3 financista al que le balearon la casa"},"content":{"rendered":"<p><em><a href=\"http:\/\/www.elsindical.com.ar\/notas\/var\/www\/html\/notas\/wp-content\/uploads\/2015\/03\/Hugo-D\u00edaz.jpg\"><img loading=\"lazy\" decoding=\"async\" class=\"alignnone size-medium wp-image-49715\" src=\"http:\/\/www.elsindical.com.ar\/notas\/var\/www\/html\/notas\/wp-content\/uploads\/2015\/03\/Hugo-D\u00edaz-300x212.jpg\" alt=\"Hugo-D\u00edaz\" width=\"300\" height=\"212\" srcset=\"https:\/\/www.elsindical.com.ar\/notas\/var\/www\/html\/notas\/wp-content\/uploads\/2015\/03\/Hugo-D\u00edaz-300x212.jpg 300w, https:\/\/www.elsindical.com.ar\/notas\/var\/www\/html\/notas\/wp-content\/uploads\/2015\/03\/Hugo-D\u00edaz-425x300.jpg 425w, https:\/\/www.elsindical.com.ar\/notas\/var\/www\/html\/notas\/wp-content\/uploads\/2015\/03\/Hugo-D\u00edaz.jpg 443w\" sizes=\"auto, (max-width: 300px) 100vw, 300px\" \/><\/a>El empresario\u00a0<strong>Hugo D\u00edaz<\/strong>, dedicado a\u00a0la explotaci\u00f3n de un servicio de ambulancias en Capital Federal,\u00a0es intensamente buscado. Dos semanas atr\u00e1s hab\u00edan tiroteado su vivienda de Lan\u00fas.\u00a0La \u00faltima vez que lo vieron fue en la ma\u00f1ana del lunes en un garaje del microcentro.<\/em><\/p>\n<p>Un empresario y financista es buscado desde el pasado lunes a la ma\u00f1ana, luego de que su familia presentara un habeas corpus y denunciara que desapareci\u00f3 ese d\u00eda tras estacionar su auto en un garaje del microcentro porte\u00f1o, informaron fuentes judiciales.<\/p>\n<p>Seg\u00fan los datos aportados al expediente, la desaparici\u00f3n se produjo dos semanas despu\u00e9s de que su vivienda en la localidad bonaerense de Lan\u00fas fuera baleada por personas a\u00fan no identificadas.<\/p>\n<p>El habeas corpus es tramitado por el juez de Instrucci\u00f3n porte\u00f1o <strong>Manuel de Campos<\/strong>, quien dispuso diversas diligencias para conocer el paradero de <strong>Hugo D\u00edaz<\/strong>, quien se dedica a la explotaci\u00f3n de un servicio de ambulancias en Capital Federal, informaron fuentes judiciales.<\/p>\n<p>De acuerdo a los datos aportados al expediente, D\u00edaz adem\u00e1s tiene actividad como financista en el microcentro porte\u00f1o.<\/p>\n<p>El empresario desapareci\u00f3 el lunes a la ma\u00f1ana, cuando dej\u00f3 su autom\u00f3vil en un estacionamiento cercano a su oficina, ubicada en Lavalle al 400, de esta capital.\u00a0De acuerdo a la informaci\u00f3n recibida por el magistrado, esa ma\u00f1ana D\u00edaz no fue visto en su oficina y las medidas procesales tendientes a dar con su paradero por el momento no dieron resultados.<\/p>\n<p>La desaparici\u00f3n fue denunciada el lunes a la noche por la ex esposa del empresario,<strong> Natalia Puccar<\/strong>, quien conviv\u00eda con D\u00edaz en Lan\u00fas.\u00a0Seg\u00fan la pesquisa, hace dos semanas, la vivienda de D\u00edaz y su ex mujer fue baleada por personas a\u00fan no identificadas, por lo que hay una investigaci\u00f3n en curso que est\u00e1 a cargo de la justicia provincial.<\/p>\n","protected":false},"excerpt":{"rendered":"<p>El empresario\u00a0Hugo D\u00edaz, dedicado a\u00a0la explotaci\u00f3n de un servicio de ambulancias en Capital Federal,\u00a0es intensamente buscado. Dos semanas atr\u00e1s hab\u00edan tiroteado su vivienda de Lan\u00fas.\u00a0La \u00faltima vez que lo vieron fue en la ma\u00f1ana del lunes en un garaje del microcentro. Un empresario y financista es buscado desde el pasado lunes a la ma\u00f1ana, luego&hellip;<\/p>\n","protected":false},"author":1,"featured_media":0,"comment_status":"open","ping_status":"open","sticky":false,"template":"","format":"standard","meta":{"footnotes":""},"categories":[22],"tags":[2385,20996,20994,209,20995],"class_list":["post-49714","post","type-post","status-publish","format-standard","hentry","category-policiales","tag-desaparecido","tag-empesario","tag-hugo-diaz","tag-lanus","tag-manuel-de-campos"],"_links":{"self":[{"href":"https:\/\/www.elsindical.com.ar\/notas\/wp-json\/wp\/v2\/posts\/49714","targetHints":{"allow":["GET"]}}],"collection":[{"href":"https:\/\/www.elsindical.com.ar\/notas\/wp-json\/wp\/v2\/posts"}],"about":[{"href":"https:\/\/www.elsindical.com.ar\/notas\/wp-json\/wp\/v2\/types\/post"}],"author":[{"embeddable":true,"href":"https:\/\/www.elsindical.com.ar\/notas\/wp-json\/wp\/v2\/users\/1"}],"replies":[{"embeddable":true,"href":"https:\/\/www.elsindical.com.ar\/notas\/wp-json\/wp\/v2\/comments?post=49714"}],"version-history":[{"count":1,"href":"https:\/\/www.elsindical.com.ar\/notas\/wp-json\/wp\/v2\/posts\/49714\/revisions"}],"predecessor-version":[{"id":49716,"href":"https:\/\/www.elsindical.com.ar\/notas\/wp-json\/wp\/v2\/posts\/49714\/revisions\/49716"}],"wp:attachment":[{"href":"https:\/\/www.elsindical.com.ar\/notas\/wp-json\/wp\/v2\/media?parent=49714"}],"wp:term":[{"taxonomy":"category","embeddable":true,"href":"https:\/\/www.elsindical.com.ar\/notas\/wp-json\/wp\/v2\/categories?post=49714"},{"taxonomy":"post_tag","embeddable":true,"href":"https:\/\/www.elsindical.com.ar\/notas\/wp-json\/wp\/v2\/tags?post=49714"}],"curies":[{"name":"wp","href":"https:\/\/api.w.org\/{rel}","templated":true}]}}