{"id":49673,"date":"2015-03-11T07:33:20","date_gmt":"2015-03-11T10:33:20","guid":{"rendered":"http:\/\/www.elsindical.com.ar\/notas\/?p=49673"},"modified":"2015-03-11T07:33:20","modified_gmt":"2015-03-11T10:33:20","slug":"joven-desaparecido-familia-denuncia-irregularidades","status":"publish","type":"post","link":"https:\/\/www.elsindical.com.ar\/notas\/joven-desaparecido-familia-denuncia-irregularidades\/","title":{"rendered":"Joven desaparecido familia denuncia irregularidades"},"content":{"rendered":"<p><em><a href=\"http:\/\/www.elsindical.com.ar\/notas\/var\/www\/html\/notas\/wp-content\/uploads\/2015\/03\/caso-Mauricio-Germ\u00e1n-Oliver.jpg\"><img loading=\"lazy\" decoding=\"async\" class=\"alignnone size-medium wp-image-49674\" src=\"http:\/\/www.elsindical.com.ar\/notas\/var\/www\/html\/notas\/wp-content\/uploads\/2015\/03\/caso-Mauricio-Germ\u00e1n-Oliver-300x209.jpg\" alt=\"caso-Mauricio-Germ\u00e1n-Oliver\" width=\"300\" height=\"209\" srcset=\"https:\/\/www.elsindical.com.ar\/notas\/var\/www\/html\/notas\/wp-content\/uploads\/2015\/03\/caso-Mauricio-Germ\u00e1n-Oliver-300x209.jpg 300w, https:\/\/www.elsindical.com.ar\/notas\/var\/www\/html\/notas\/wp-content\/uploads\/2015\/03\/caso-Mauricio-Germ\u00e1n-Oliver-431x300.jpg 431w, https:\/\/www.elsindical.com.ar\/notas\/var\/www\/html\/notas\/wp-content\/uploads\/2015\/03\/caso-Mauricio-Germ\u00e1n-Oliver.jpg 620w\" sizes=\"auto, (max-width: 300px) 100vw, 300px\" \/><\/a>Su familia\u00a0cont\u00f3 que debido a un error en la anotaci\u00f3n de su DNI en las planillas de rastrillaje, perdieron casi un a\u00f1o de b\u00fasqueda.\u00a0<\/em><\/p>\n<p>Desde hace diez meses, una familia de la localidad bonaerense de Sourdeaux vive momentos desesperantes ya que uno de sus integrantes desapareci\u00f3 en mayo del a\u00f1o pasado, y desde ese momento no se tienen novedades sobre su paradero. Adem\u00e1s, como si esto fuera poco castigo para el entorno del joven de 20 a\u00f1os, los investigadores intentaron hallar al desaparecido a trav\u00e9s del rastrillaje por su documento, pero los resultados fueron negativos porque la mala colocaci\u00f3n de un n\u00famero los termin\u00f3 llevando a una mujer que nada tiene que ver con el caso.<\/p>\n<p><strong>Noelia Oliver<\/strong>, hermana de Mauricio,\u00a0cont\u00f3 el calvario que les toca vivir desde el 6 de mayo de 2014: \u201c<em>Mi hermano volvi\u00f3 de la casa de unas amigas que tiene en Don Torcuato, comi\u00f3 y sali\u00f3 de vuelta para el mismo lugar a las doce de la noche. Se fue a tomar el tren como lo hac\u00eda siempre y, desde ese momento, no sabemos m\u00e1s nada de \u00e9l. El \u00faltimo mensaje que dej\u00f3 en Facebook es del 3 de mayo y nunca m\u00e1s escribi\u00f3 algo en su muro, por eso, estamos muy preocupados desde aquel instante\u201d.<\/em><\/p>\n<p>Los primeros seis meses fueron de una verdadera vor\u00e1gine para Noelia y su familia, pues no s\u00f3lo hicieron la denuncia en la comisar\u00eda de Los Polvorines (hoy la causa la lleva la DDI de San Miguel), sino que hicieron todo tipo de tr\u00e1mites para que la polic\u00eda y la justicia dieran con su hermano.<\/p>\n<p>En el transcurso de ese tiempo, amigos, familiares y allegados pasaron por la justicia para declarar sobre la causa, pero los resultados continuaron siendo negativos. La abogada de la familia pidi\u00f3 la revisi\u00f3n de las c\u00e1maras callejeras del lugar, pero le comentaron que s\u00f3lo tienen <em>\u201cuna duraci\u00f3n de un mes\u201d,<\/em> aunque s\u00ed pudo tener la de las c\u00e1maras ubicadas en la estaci\u00f3n ferroviaria de Sourdeaux, tambi\u00e9n sin resultados satisfactorios.<\/p>\n<p><strong>P\u00e9rdida de tiempo<\/strong><\/p>\n<p>Respecto de lo ocurrido hace menos de un mes, Noelia dijo que \u201c<em>cuando nos reunimos con los investigadores, nos dimos cuenta de que estaban investigando acciones de una persona con un n\u00famero de documento de identidad, pero que no pertenec\u00eda a mi hermano sino que era el de una mujer. Se hab\u00edan equivocado al cargar uno de los n\u00fameros del documento y, por eso, nunca hab\u00edamos podido tener noticias de mi hermano. Hace 15 d\u00edas que comenz\u00f3 nuevamente esta investigaci\u00f3n, pero reci\u00e9n a los 20 d\u00edas h\u00e1biles podr\u00edamos tener alguna novedad, ya que reci\u00e9n ahora lo est\u00e1n rastreando por su documento. Pedimos que la justicia haga un cotejo de huellas porque mi hermano puede estar en alg\u00fan hospital o comisar\u00eda de cualquier parte y queremos saberlo\u201d.<\/em><\/p>\n<p>Un dato importante para la b\u00fasqueda es que Mauricio padece esquizofrenia aunque no toma medicamentos para tratarla, por lo que la familia dej\u00f3 algunas v\u00edas de comunicaci\u00f3n para quien pueda aportar datos en la b\u00fasqueda: @noelianoeynahu #buscamosamauricio, 0800-555-5065 y 1532469536.<\/p>\n<p>&nbsp;<\/p>\n","protected":false},"excerpt":{"rendered":"<p>Su familia\u00a0cont\u00f3 que debido a un error en la anotaci\u00f3n de su DNI en las planillas de rastrillaje, perdieron casi un a\u00f1o de b\u00fasqueda.\u00a0 Desde hace diez meses, una familia de la localidad bonaerense de Sourdeaux vive momentos desesperantes ya que uno de sus integrantes desapareci\u00f3 en mayo del a\u00f1o pasado, y desde ese momento&hellip;<\/p>\n","protected":false},"author":1,"featured_media":0,"comment_status":"open","ping_status":"open","sticky":false,"template":"","format":"standard","meta":{"footnotes":""},"categories":[6],"tags":[20977,2982,4336,20978,20976],"class_list":["post-49673","post","type-post","status-publish","format-standard","hentry","category-denuncias","tag-ddi-san-miguel","tag-los-polvorines","tag-malvinas-argentinas","tag-mauricio-german-oliver","tag-noelia-oliver"],"_links":{"self":[{"href":"https:\/\/www.elsindical.com.ar\/notas\/wp-json\/wp\/v2\/posts\/49673","targetHints":{"allow":["GET"]}}],"collection":[{"href":"https:\/\/www.elsindical.com.ar\/notas\/wp-json\/wp\/v2\/posts"}],"about":[{"href":"https:\/\/www.elsindical.com.ar\/notas\/wp-json\/wp\/v2\/types\/post"}],"author":[{"embeddable":true,"href":"https:\/\/www.elsindical.com.ar\/notas\/wp-json\/wp\/v2\/users\/1"}],"replies":[{"embeddable":true,"href":"https:\/\/www.elsindical.com.ar\/notas\/wp-json\/wp\/v2\/comments?post=49673"}],"version-history":[{"count":1,"href":"https:\/\/www.elsindical.com.ar\/notas\/wp-json\/wp\/v2\/posts\/49673\/revisions"}],"predecessor-version":[{"id":49675,"href":"https:\/\/www.elsindical.com.ar\/notas\/wp-json\/wp\/v2\/posts\/49673\/revisions\/49675"}],"wp:attachment":[{"href":"https:\/\/www.elsindical.com.ar\/notas\/wp-json\/wp\/v2\/media?parent=49673"}],"wp:term":[{"taxonomy":"category","embeddable":true,"href":"https:\/\/www.elsindical.com.ar\/notas\/wp-json\/wp\/v2\/categories?post=49673"},{"taxonomy":"post_tag","embeddable":true,"href":"https:\/\/www.elsindical.com.ar\/notas\/wp-json\/wp\/v2\/tags?post=49673"}],"curies":[{"name":"wp","href":"https:\/\/api.w.org\/{rel}","templated":true}]}}