{"id":49650,"date":"2015-03-10T00:33:04","date_gmt":"2015-03-10T03:33:04","guid":{"rendered":"http:\/\/www.elsindical.com.ar\/notas\/?p=49650"},"modified":"2015-03-09T22:38:45","modified_gmt":"2015-03-10T01:38:45","slug":"lijo-es-corrupto-acerca-de-la-tregua-entre-jueces-y-la-casa-rosada","status":"publish","type":"post","link":"https:\/\/www.elsindical.com.ar\/notas\/lijo-es-corrupto-acerca-de-la-tregua-entre-jueces-y-la-casa-rosada\/","title":{"rendered":"Lijo, \u00bfes corrupto? Acerca de la tregua entre jueces y la Casa Rosada"},"content":{"rendered":"<p><em><a href=\"http:\/\/www.elsindical.com.ar\/notas\/var\/www\/html\/notas\/wp-content\/uploads\/2015\/03\/sanz_denuncia.jpg\"><img loading=\"lazy\" decoding=\"async\" class=\"alignnone size-medium wp-image-49651\" src=\"http:\/\/www.elsindical.com.ar\/notas\/var\/www\/html\/notas\/wp-content\/uploads\/2015\/03\/sanz_denuncia-300x224.jpg\" alt=\"sanz_denuncia\" width=\"300\" height=\"224\" srcset=\"https:\/\/www.elsindical.com.ar\/notas\/var\/www\/html\/notas\/wp-content\/uploads\/2015\/03\/sanz_denuncia-300x224.jpg 300w, https:\/\/www.elsindical.com.ar\/notas\/var\/www\/html\/notas\/wp-content\/uploads\/2015\/03\/sanz_denuncia-401x300.jpg 401w, https:\/\/www.elsindical.com.ar\/notas\/var\/www\/html\/notas\/wp-content\/uploads\/2015\/03\/sanz_denuncia.jpg 531w\" sizes=\"auto, (max-width: 300px) 100vw, 300px\" \/><\/a>Preocupante la sospecha que el periodista Christian Sanz, denunciante de Cristina Fern\u00e1ndez de Kirchner, arroj\u00f3 sobre el juez federal Ariel Lijo, en el marco de la investigaci\u00f3n del tambi\u00e9n periodista Hugo Alconada Mon sobre un acuerdo entre el Ejecutivo y algunos jueces federales para que no prosperen denuncias contra la Presidente de la Naci\u00f3n.<\/em><\/p>\n<p>\u00bfQui\u00e9n tiene alguna duda de que Cristina Kirchner intent\u00f3 entorpecer el expediente que investiga la muerte de Alberto Nisman? \u00bfNo hay suficientes elementos de la realidad cotidiana como para comprobarlo?<\/p>\n<div><\/div>\n<div>Las diferentes exposiciones p\u00fablicas efectuadas por la presidenta de la Naci\u00f3n \u2014un par de ellas por cadena nacional y otras a trav\u00e9s de su p\u00e1gina web\u2014 son solo una m\u00ednima muestra de lo antedicho.<\/div>\n<div><\/div>\n<div>All\u00ed, no solo puso en duda la investigaci\u00f3n judicial, sino que adem\u00e1s la jefa de Estado arriesg\u00f3 absurdas hip\u00f3tesis que intentaron \u00bfexplicar? la muerte del fiscal especial del caso AMIA.<\/div>\n<div><\/div>\n<div>Al tiempo que la mandataria hac\u00eda p\u00fablicas sus propias teor\u00edas, algunos de sus funcionarios de mayor confianza hicieron lo propio. Se destac\u00f3 en ese sentido el jefe de Gabinete de Ministros, An\u00edbal Fern\u00e1ndez, quien aport\u00f3 sus propias \u201cconclusiones\u201d, dando por culpable al exSIDE Antonio Stiuso y el ladero de Nisman, Diego Lagomarsino.<\/div>\n<div><\/div>\n<div>Si esto no es entorpecer una causa judicial, \u00bfqu\u00e9 es entonces? \u00bfC\u00f3mo denominar la acci\u00f3n de altos funcionarios del gobierno opinando con insensatez sobre una investigaci\u00f3n de otro poder de la Rep\u00fablica? \u00bfNo existe acaso la divisi\u00f3n de poderes?<\/div>\n<div><\/div>\n<div>No solo la ciudadan\u00eda est\u00e1 convencida de la acci\u00f3n de entorpecimiento por parte del gobierno, sino tambi\u00e9n puntuales funcionarios del poder judicial y hasta prestigiosos juristas. Por caso, el fiscal general Ricardo S\u00e1enz admiti\u00f3 que la fiscal Viviana Fein se sent\u00eda \u00abpreocupada\u00bb y \u00abpresionada\u00bb por el poder pol\u00edtico. Hay mucho m\u00e1s, pero no viene al caso.<\/div>\n<div><\/div>\n<div>Lo importante es que, con esos y otros elementos a cuestas, el viernes 6 de febrero pasado decid\u00ed presentar una denuncia judicial contra Cristina por entorpecer la causa Nisman. Lo hice a conciencia y aportando elementos concluyentes y verificables.<\/div>\n<div><\/div>\n<div>El expediente recay\u00f3 en el juzgado de Ariel Lijo, quien lleva adelante otra denuncia m\u00eda, es la que tiene imputado a Amado Boudou por enriquecimiento il\u00edcito. El fiscal a cargo, Miguel \u00c1ngel Osorio.<\/div>\n<div><\/div>\n<div>D\u00edas m\u00e1s tarde, luego de analizar mi presentaci\u00f3n, la Justicia me convoc\u00f3 para ratificar el planteo contra la presidenta. Por ese motivo, deb\u00ed viajar a Buenos Aires y regresar a Mendoza \u2014donde vivo\u2014 en tiempo r\u00e9cord. Ello por cuestiones laborales.<\/div>\n<div><\/div>\n<div>Fuentes del propio juzgado me hab\u00edan anticipado que necesitaban mi ratificaci\u00f3n para poder imputar a Cristina. Por ello, hice el esfuerzo pertinente. Val\u00eda la pena.<\/div>\n<div><\/div>\n<div>Sin embargo, una vez en sede de Comodoro Py, me llam\u00f3 la atenci\u00f3n que la causa hubiera cambiado de fiscal\u00eda \u2014pas\u00f3 a manos del poco confiable fiscal Diego Iglesias\u2014 y que el interrogatorio que me hicieron fuera tan breve.<\/div>\n<div><\/div>\n<div>M\u00e1s a\u00fan, el certificado que me extendieron para acreditar mi declaraci\u00f3n, ten\u00eda mal la fecha: en lugar de 19 de febrero, le pusieron 19 de enero. Esto es, 18 d\u00edas antes de presentar la denuncia en cuesti\u00f3n.<\/div>\n<div><\/div>\n<div>Volviendo al relato central: con la promesa certera de que se impulsar\u00edan las medidas de prueba propuestas por mi abogado, sal\u00ed del jugado con un dejo de esperanza.<\/div>\n<div><\/div>\n<div>Sin embargo, hace instantes me notificaron que el expediente fue archivado bajo un pretexto casi pueril: no hay elementos \u00abque permitan sostener que, en un caso concreto por parte del fiscal, deba ponerse en funcionamiento un control por parte del \u00f3rgano jurisdiccional, que resuelva acerca del fondo de la cuesti\u00f3n planteada\u00bb.<\/div>\n<div><\/div>\n<div>En buen romance, para la Justicia no existe la m\u00e1s remota posibilidad de que el gobierno haya metido sus narices en el expediente Nisman.<\/div>\n<div><\/div>\n<div>Es pertinente insistir con lo antes mencionado: \u00bfNo son obvias y elocuentes las movidas del kirchnerismo para entorpecer el caso? Es tan claro y evidente, que hasta un ni\u00f1o de cinco a\u00f1os se da cuenta.<\/div>\n<div><\/div>\n<div>\u00bfAcaso habr\u00e1 que decirle a Lijo que preste atenci\u00f3n a las conferencias de prensa que cada d\u00eda lleva a cabo An\u00edbal Fern\u00e1ndez? \u00bfSer\u00e1 menester enviarle un enlace a los escritos y videos de Cristina hablando sobre este t\u00f3pico?<\/div>\n<div><\/div>\n<div>Tal vez sea tal cual me revel\u00f3 una inobjetable fuente de informaci\u00f3n: \u00abEl hijo de Lijo, estaba 40 en ranking de pilotos para entrar a Austral, y Mariano Recalde lo puso en el cuarto lugar. Todo a cambio de desestimar mi denuncia.\u00bb<\/div>\n<div><\/div>\n<div>Como sea, solo mi enojo supera mi decepci\u00f3n, es la pura verdad. Escribo estas l\u00edneas con desaz\u00f3n e intermitente molestia ciudadana.<\/div>\n<div><\/div>\n<div>De m\u00e1s est\u00e1 decir que voy a apelar la medida, esperando que la C\u00e1mara Federal demuestre algo m\u00e1s de seriedad que Lijo. Si hacen lo que tienen que hacer, no les ser\u00e1 nada complicado.<\/div>\n","protected":false},"excerpt":{"rendered":"<p>Preocupante la sospecha que el periodista Christian Sanz, denunciante de Cristina Fern\u00e1ndez de Kirchner, arroj\u00f3 sobre el juez federal Ariel Lijo, en el marco de la investigaci\u00f3n del tambi\u00e9n periodista Hugo Alconada Mon sobre un acuerdo entre el Ejecutivo y algunos jueces federales para que no prosperen denuncias contra la Presidente de la Naci\u00f3n. \u00bfQui\u00e9n&hellip;<\/p>\n","protected":false},"author":1,"featured_media":0,"comment_status":"open","ping_status":"open","sticky":false,"template":"","format":"standard","meta":{"footnotes":""},"categories":[6],"tags":[475,19249,205,1205,20968],"class_list":["post-49650","post","type-post","status-publish","format-standard","hentry","category-denuncias","tag-amia","tag-carlos-kunkel-juez-federal-ariel-lijo","tag-christian-sanz","tag-cristina-fernandez-de-kirchner","tag-hugo-alconada-mon"],"_links":{"self":[{"href":"https:\/\/www.elsindical.com.ar\/notas\/wp-json\/wp\/v2\/posts\/49650","targetHints":{"allow":["GET"]}}],"collection":[{"href":"https:\/\/www.elsindical.com.ar\/notas\/wp-json\/wp\/v2\/posts"}],"about":[{"href":"https:\/\/www.elsindical.com.ar\/notas\/wp-json\/wp\/v2\/types\/post"}],"author":[{"embeddable":true,"href":"https:\/\/www.elsindical.com.ar\/notas\/wp-json\/wp\/v2\/users\/1"}],"replies":[{"embeddable":true,"href":"https:\/\/www.elsindical.com.ar\/notas\/wp-json\/wp\/v2\/comments?post=49650"}],"version-history":[{"count":1,"href":"https:\/\/www.elsindical.com.ar\/notas\/wp-json\/wp\/v2\/posts\/49650\/revisions"}],"predecessor-version":[{"id":49652,"href":"https:\/\/www.elsindical.com.ar\/notas\/wp-json\/wp\/v2\/posts\/49650\/revisions\/49652"}],"wp:attachment":[{"href":"https:\/\/www.elsindical.com.ar\/notas\/wp-json\/wp\/v2\/media?parent=49650"}],"wp:term":[{"taxonomy":"category","embeddable":true,"href":"https:\/\/www.elsindical.com.ar\/notas\/wp-json\/wp\/v2\/categories?post=49650"},{"taxonomy":"post_tag","embeddable":true,"href":"https:\/\/www.elsindical.com.ar\/notas\/wp-json\/wp\/v2\/tags?post=49650"}],"curies":[{"name":"wp","href":"https:\/\/api.w.org\/{rel}","templated":true}]}}