{"id":49648,"date":"2015-03-10T00:31:06","date_gmt":"2015-03-10T03:31:06","guid":{"rendered":"http:\/\/www.elsindical.com.ar\/notas\/?p=49648"},"modified":"2015-03-09T22:32:42","modified_gmt":"2015-03-10T01:32:42","slug":"vicentico-presenta-ultimo-actoen-el-luna-park-el-23-de-mayo","status":"publish","type":"post","link":"https:\/\/www.elsindical.com.ar\/notas\/vicentico-presenta-ultimo-actoen-el-luna-park-el-23-de-mayo\/","title":{"rendered":"VICENTICO PRESENTA \u00abULTIMO ACTO\u00bbEN EL LUNA PARK EL 23 DE MAYO"},"content":{"rendered":"<p style=\"text-align: center;\">\n<p style=\"text-align: center;\"><strong><img decoding=\"async\" src=\"http:\/\/myperfit.com\/pem\/_private\/3093\/_img\/1425927173129\/LogoPopart.png\" alt=\"\" border=\"0\" \/><\/strong><\/p>\n<p style=\"text-align: center;\"><strong>VICENTICO<\/strong><\/p>\n<p style=\"text-align: center;\"><strong>Presenta \u00a8Ultimo Acto\u00a8<\/strong><\/p>\n<p style=\"text-align: center;\"><strong>En el Luna Park <\/strong><\/p>\n<div style=\"text-align: center;\">\n<p><strong>S\u00e1bado 23 de mayo, 21 hs.<\/strong><\/p>\n<p><strong><img loading=\"lazy\" decoding=\"async\" src=\"http:\/\/myperfit.com\/pem\/_private\/3093\/_img\/1425927173129\/TapadelDiscoVicentico.jpg\" alt=\"\" width=\"242\" height=\"232\" border=\"0\" \/><\/strong><\/p>\n<\/div>\n<p style=\"text-align: center;\"><strong>Uno de los m\u00fasicos m\u00e1s importante de la escena artista de Nacional\u00a0 con reconocimiento a nivel mundial presenta su \u00faltimo album \u00a8\u00faltimo Acto\u00a8 \u00a0en el Luna Park ( Av. Madero 420, CABA) el s\u00e1bado 23 de mayo a las 21 hs.<\/strong><\/p>\n<p style=\"text-align: center;\">Entradas a la venta en las boleter\u00edas del estadio<\/p>\n<p style=\"text-align: center;\">o por Ticket Portal\u00a0<a href=\"http:\/\/trk.pemsv06.net\/pl\/c?t=dGYaRBfBKPQyxfzcO4pkDPUIvi6AqDqMpyoejRwBUs5jTga-pIFgoFRxvgwGvsu4\">www.ticketportal.com.ar<\/a><\/p>\n<p style=\"text-align: center;\">Luego de la exitosa presentaci\u00f3n en Vi\u00f1a del Mar donde obtuvo las Gaviotas de Plata y de Oro por su gran actuaci\u00f3n, Vicentico anuncia la presentaci\u00f3n en vivo su nuevo \u00e1lbum \u201c\u00daltimo Acto\u201d, disco de platino en Argentina.<\/p>\n<p>Grabado entre Nueva York, Los \u00c1ngeles, Nashville, Kingston y Buenos Aires, Vicentico vuelve a grabar algunos de sus \u00e9xitos como solista en nuevas versiones y sumar cuatro temas nuevos.<\/p>\n<p style=\"text-align: center;\">Este nuevo disco cuenta con varias participaciones estelares como las del legendario Willie Nelson (en \u201cSolo Un Momento\u201d), el d\u00fao jamaiquino Sly &amp; Robbie (\u201cLas Estrellas\u201d), las bandas Intocable (\u201cViento\u201d y \u201cCobarde\u201d) y Our Latin Thing (\u201cAlgo Contigo\u201d, \u201cCulpable\u201d y \u201cLos Caminos De La Vida\u201d), y su mujer Valeria Bertuccelli (\u201cNo Te Apartes De Mi\u201d).<\/p>\n<p>El \u00e1lbum est\u00e1 disponible en formatos CD y CD+DVD incluyendo una pel\u00edcula documental con im\u00e1genes de las grabaciones de varios temas en las distintas ciudades.<\/p>\n<p style=\"text-align: center;\">Video Oficial Viento<\/p>\n<p style=\"text-align: center;\">\u00a0<a href=\"http:\/\/trk.pemsv06.net\/pl\/c?t=dGYaRBfBKPQp-f5NrCtCgkHrLRC9p8yK6xeuxYVZnHMXXbodadVSmtrN1VFGQ3hW\"><img loading=\"lazy\" decoding=\"async\" src=\"http:\/\/myperfit.com\/pem\/_private\/3093\/_img\/1425927173129\/Tapayobevideovicentico.jpg\" alt=\"\" width=\"334\" height=\"165\" border=\"0\" \/><\/a><\/p>\n<p>&nbsp;<\/p>\n<p>Agradece Su Difusi\u00f3n<\/p>\n<p>Maria Peluffo<\/p>\n<p><a href=\"mailto:maria@mariapeluffo.com\">maria@mariapeluffo.com<\/a><\/p>\n<p>Tel. + 11 6 182- 2516<\/p>\n<p>&nbsp;<\/p>\n","protected":false},"excerpt":{"rendered":"<p>VICENTICO Presenta \u00a8Ultimo Acto\u00a8 En el Luna Park S\u00e1bado 23 de mayo, 21 hs. Uno de los m\u00fasicos m\u00e1s importante de la escena artista de Nacional\u00a0 con reconocimiento a nivel mundial presenta su \u00faltimo album \u00a8\u00faltimo Acto\u00a8 \u00a0en el Luna Park ( Av. Madero 420, CABA) el s\u00e1bado 23 de mayo a las 21 hs.&hellip;<\/p>\n","protected":false},"author":1,"featured_media":0,"comment_status":"open","ping_status":"open","sticky":false,"template":"","format":"standard","meta":{"footnotes":""},"categories":[15],"tags":[635,20967,4868],"class_list":["post-49648","post","type-post","status-publish","format-standard","hentry","category-espectaculos","tag-luna-park","tag-ultimo-acto","tag-vicentico"],"_links":{"self":[{"href":"https:\/\/www.elsindical.com.ar\/notas\/wp-json\/wp\/v2\/posts\/49648","targetHints":{"allow":["GET"]}}],"collection":[{"href":"https:\/\/www.elsindical.com.ar\/notas\/wp-json\/wp\/v2\/posts"}],"about":[{"href":"https:\/\/www.elsindical.com.ar\/notas\/wp-json\/wp\/v2\/types\/post"}],"author":[{"embeddable":true,"href":"https:\/\/www.elsindical.com.ar\/notas\/wp-json\/wp\/v2\/users\/1"}],"replies":[{"embeddable":true,"href":"https:\/\/www.elsindical.com.ar\/notas\/wp-json\/wp\/v2\/comments?post=49648"}],"version-history":[{"count":1,"href":"https:\/\/www.elsindical.com.ar\/notas\/wp-json\/wp\/v2\/posts\/49648\/revisions"}],"predecessor-version":[{"id":49649,"href":"https:\/\/www.elsindical.com.ar\/notas\/wp-json\/wp\/v2\/posts\/49648\/revisions\/49649"}],"wp:attachment":[{"href":"https:\/\/www.elsindical.com.ar\/notas\/wp-json\/wp\/v2\/media?parent=49648"}],"wp:term":[{"taxonomy":"category","embeddable":true,"href":"https:\/\/www.elsindical.com.ar\/notas\/wp-json\/wp\/v2\/categories?post=49648"},{"taxonomy":"post_tag","embeddable":true,"href":"https:\/\/www.elsindical.com.ar\/notas\/wp-json\/wp\/v2\/tags?post=49648"}],"curies":[{"name":"wp","href":"https:\/\/api.w.org\/{rel}","templated":true}]}}