{"id":49645,"date":"2015-03-09T21:17:11","date_gmt":"2015-03-10T00:17:11","guid":{"rendered":"http:\/\/www.elsindical.com.ar\/notas\/?p=49645"},"modified":"2015-03-09T21:17:11","modified_gmt":"2015-03-10T00:17:11","slug":"fedotov-interesado-en-programa-antinarcoticos-de-la-argentina","status":"publish","type":"post","link":"https:\/\/www.elsindical.com.ar\/notas\/fedotov-interesado-en-programa-antinarcoticos-de-la-argentina\/","title":{"rendered":"FEDOTOV INTERESADO EN PROGRAMA ANTINARC\u00d3TICOS DE LA ARGENTINA"},"content":{"rendered":"<p><span style=\"font-family: Calibri;\"><span style=\"color: #000000; font-size: medium;\"><a href=\"http:\/\/www.elsindical.com.ar\/notas\/var\/www\/html\/notas\/wp-content\/uploads\/2015\/03\/IMG_8315_2.jpg\"><img loading=\"lazy\" decoding=\"async\" class=\"alignnone size-medium wp-image-49646\" src=\"http:\/\/www.elsindical.com.ar\/notas\/var\/www\/html\/notas\/wp-content\/uploads\/2015\/03\/IMG_8315_2-300x225.jpg\" alt=\"IMG_8315_2\" width=\"300\" height=\"225\" srcset=\"https:\/\/www.elsindical.com.ar\/notas\/var\/www\/html\/notas\/wp-content\/uploads\/2015\/03\/IMG_8315_2-300x225.jpg 300w, https:\/\/www.elsindical.com.ar\/notas\/var\/www\/html\/notas\/wp-content\/uploads\/2015\/03\/IMG_8315_2-399x300.jpg 399w, https:\/\/www.elsindical.com.ar\/notas\/var\/www\/html\/notas\/wp-content\/uploads\/2015\/03\/IMG_8315_2.jpg 531w\" sizes=\"auto, (max-width: 300px) 100vw, 300px\" \/><\/a>El Secretario de Seguridad, Sergio Berni y el<\/span><span style=\"color: #000000; font-size: medium;\">\u00a0 <\/span><span style=\"color: #000000; font-size: medium;\">Secretario Ejecutivo\u00a0del organismo de la ONU contra el crimen y las drogas, Yuri Fedotov, acordaron afianzar la cooperaci\u00f3n internacional para reforzar las iniciativas regionales de lucha contra el narcotr\u00e1fico, hoy en Viena, Austria.<\/span><\/span><\/p>\n<p><span style=\"color: #000000; font-family: Calibri; font-size: medium;\">Berni se\u00f1al\u00f3 la necesidad de complementar las iniciativas internacionales en marcha con una mayor presencia de la Oficina de Naciones Unidas para las Drogas y el Crimen (UNODOC), reforzando las acciones concretas de cooperaci\u00f3n que el pa\u00eds tiene con Interpol y tambi\u00e9n en Mercosur y UNASUR.<\/span><\/p>\n<p><span style=\"color: #000000; font-family: Calibri; font-size: medium;\">Durante una reuni\u00f3n que tuvo a solas con la m\u00e1xima autoridad de la ONU en materia de lucha contra organizaciones criminales trasnacionales, Berni repas\u00f3 los progresos en materia de prevenci\u00f3n policial y de modernizaci\u00f3n de los dispositivos de inteligencia criminal que permitieron en 2014 detener a unos 400 narcotraficantes en la Argentina. <\/span><\/p>\n<p><span style=\"color: #000000; font-family: Calibri; font-size: medium;\">La reuni\u00f3n tuvo lugar durante las sesiones de alto nivel del Comit\u00e9 de Estupefacientes de la ONU, en la capital austr\u00edaca que definir\u00e1n la agenda de la cumbre mundial sobre la problem\u00e1tica de las drogas que se desarrollar\u00e1 en 2016.<\/span><\/p>\n<p><span style=\"color: #000000; font-family: Calibri; font-size: medium;\">En el encuentro, el Secretario de Seguridad expuso los avances en el despliegue de las fuerzas federales en los programas puestos en marcha en la Argentina en los \u00faltimos 12 meses. Adem\u00e1s, Berni expuso los resultados operativos contra el crimen organizado alcanzados a trav\u00e9s de la cooperaci\u00f3n internacional, en MERCOSUR, UNASUR, INTERPOL y con acuerdos bilaterales.<\/span><\/p>\n<p><span style=\"color: #000000; font-family: Calibri; font-size: medium;\">\u201cFedotov manifest\u00f3 una comprensi\u00f3n clara de lo que ocurre en el escenario sudamericano y un conocimiento de nuestros logros operacionales. La ONU es un actor central del sistema internacional y por eso debe tener un mayor involucramiento en nuestro pa\u00eds\u201d, dijo Berni. <\/span><\/p>\n<p><span style=\"color: #000000; font-family: Calibri; font-size: medium;\">Finalmente, Berni le extendi\u00f3 una invitaci\u00f3n del gobierno nacional a tomar conocimiento de los programas y pol\u00edticas puestas en marcha para la prevenci\u00f3n y conjuraci\u00f3n del delito complejo y trasnacional en nuestro pa\u00eds, invitaci\u00f3n que fue aceptada por Fedotov.<\/span><\/p>\n","protected":false},"excerpt":{"rendered":"<p>El Secretario de Seguridad, Sergio Berni y el\u00a0 Secretario Ejecutivo\u00a0del organismo de la ONU contra el crimen y las drogas, Yuri Fedotov, acordaron afianzar la cooperaci\u00f3n internacional para reforzar las iniciativas regionales de lucha contra el narcotr\u00e1fico, hoy en Viena, Austria. Berni se\u00f1al\u00f3 la necesidad de complementar las iniciativas internacionales en marcha con una mayor&hellip;<\/p>\n","protected":false},"author":1,"featured_media":0,"comment_status":"open","ping_status":"open","sticky":false,"template":"","format":"standard","meta":{"footnotes":""},"categories":[13],"tags":[9595,2338,3255,20966,20965],"class_list":["post-49645","post","type-post","status-publish","format-standard","hentry","category-politica","tag-mercosur","tag-onu","tag-unasur","tag-unodoc","tag-yuri-fedotov"],"_links":{"self":[{"href":"https:\/\/www.elsindical.com.ar\/notas\/wp-json\/wp\/v2\/posts\/49645","targetHints":{"allow":["GET"]}}],"collection":[{"href":"https:\/\/www.elsindical.com.ar\/notas\/wp-json\/wp\/v2\/posts"}],"about":[{"href":"https:\/\/www.elsindical.com.ar\/notas\/wp-json\/wp\/v2\/types\/post"}],"author":[{"embeddable":true,"href":"https:\/\/www.elsindical.com.ar\/notas\/wp-json\/wp\/v2\/users\/1"}],"replies":[{"embeddable":true,"href":"https:\/\/www.elsindical.com.ar\/notas\/wp-json\/wp\/v2\/comments?post=49645"}],"version-history":[{"count":1,"href":"https:\/\/www.elsindical.com.ar\/notas\/wp-json\/wp\/v2\/posts\/49645\/revisions"}],"predecessor-version":[{"id":49647,"href":"https:\/\/www.elsindical.com.ar\/notas\/wp-json\/wp\/v2\/posts\/49645\/revisions\/49647"}],"wp:attachment":[{"href":"https:\/\/www.elsindical.com.ar\/notas\/wp-json\/wp\/v2\/media?parent=49645"}],"wp:term":[{"taxonomy":"category","embeddable":true,"href":"https:\/\/www.elsindical.com.ar\/notas\/wp-json\/wp\/v2\/categories?post=49645"},{"taxonomy":"post_tag","embeddable":true,"href":"https:\/\/www.elsindical.com.ar\/notas\/wp-json\/wp\/v2\/tags?post=49645"}],"curies":[{"name":"wp","href":"https:\/\/api.w.org\/{rel}","templated":true}]}}