{"id":49583,"date":"2015-03-07T11:18:37","date_gmt":"2015-03-07T14:18:37","guid":{"rendered":"http:\/\/www.elsindical.com.ar\/notas\/?p=49583"},"modified":"2017-05-26T09:47:55","modified_gmt":"2017-05-26T12:47:55","slug":"gran-movilizacion-por-el-dia-internacional-de-la-mujer-trabajadora","status":"publish","type":"post","link":"https:\/\/www.elsindical.com.ar\/notas\/gran-movilizacion-por-el-dia-internacional-de-la-mujer-trabajadora\/","title":{"rendered":"Gran movilizaci\u00f3n por el D\u00eda Internacional de la mujer trabajadora"},"content":{"rendered":"<p><a href=\"http:\/\/www.elsindical.com.ar\/notas\/var\/www\/html\/notas\/wp-content\/uploads\/2011\/08\/meg\u00e1fono-signos-admiraci\u00f3n.jpg\"><img loading=\"lazy\" decoding=\"async\" class=\"alignnone size-medium wp-image-16256\" src=\"http:\/\/www.elsindical.com.ar\/notas\/var\/www\/html\/notas\/wp-content\/uploads\/2011\/08\/meg\u00e1fono-signos-admiraci\u00f3n-300x203.jpg\" alt=\"meg\u00e1fono-signos-admiraci\u00f3n\" width=\"300\" height=\"203\" srcset=\"https:\/\/www.elsindical.com.ar\/notas\/var\/www\/html\/notas\/wp-content\/uploads\/2011\/08\/meg\u00e1fono-signos-admiraci\u00f3n-300x203.jpg 300w, https:\/\/www.elsindical.com.ar\/notas\/var\/www\/html\/notas\/wp-content\/uploads\/2011\/08\/meg\u00e1fono-signos-admiraci\u00f3n.jpg 325w\" sizes=\"auto, (max-width: 300px) 100vw, 300px\" \/><\/a>\u00abCon una columna encabezada por las v\u00edctimas de la violencia contra la mujer, representantes del movimiento de mujeres y diputados nacionales y locales, el 9 de marzo se va a realizar una enorme movilizaci\u00f3n pol\u00edtica que irrumpir\u00e1 en el escenario pol\u00edtico con los planteos propios de las mujeres trabajadoras\u00bb destac\u00f3 la dirigente nacional de la Organizaci\u00f3n de Mujeres Plenario de Trabajadoras, Candidata a Diputada Nacional por el Frente de Izquierda, Vanina Biasi.<\/p>\n<p>\u00abGraciela Ledo, hermana del soldado desaparecido bajo la dictadura por C\u00e9sar Milani como integrante del Operativo Independencia, Alberto Lebbos padre de Paulina, v\u00edctima de los hijos del poder de la provincia de Tucum\u00e1n, Elia Espen, Madre de Plaza de Mayo,\u00a0Iara Carmona, v\u00edctima de abuso por parte de un polic\u00eda bonaerense,\u00a0\u00a0y las compa\u00f1eras de la Comisi\u00f3n de Mujeres de Ecotrans en lucha contra el vaciamiento de Cirigliano ser\u00e1n algunas de las v\u00edctimas representativas de diferentes casos de violencia institucional que luchan todos los d\u00edas contra la impunidad que desde el Estado se quiere imponer. El gobierno nacional de Cristina Kirchner y los gobiernos locales de diferentes signos pol\u00edticos estar\u00e1n sentados en el banquillo de los acusados el 9M\u00bb destac\u00f3 Vanina Biasi.<\/p>\n<p>\u00abTenemos la obligaci\u00f3n de apoyar esta movilizaci\u00f3n en un pa\u00eds donde ha crecido la mortalidad materna, donde miles de mujeres no tienen acceso a la salud, junto a las trabajadoras precarizadas y las luchadoras por el aborto legal, seguro y gratuito, defendido de forma consecuente s\u00f3lo por el Frente de Izquierda en el Congreso Nacional. Somos dentro del Congreso la voz de estos reclamos, porque est\u00e1n dentro de los principales planteos con los cuales obtuvimos m\u00e1s de 1 mill\u00f3n 300 mil votos en la \u00faltima elecci\u00f3n y nos jugamos con todo a crecer en la representaci\u00f3n pol\u00edtica para poder imponerlos con la movilizaci\u00f3n popular\u00bb se\u00f1al\u00f3 el Diputado N\u00e9stor Pitrola que estar\u00e1 presente el 9 de marzo en la movilizaci\u00f3n convocada para marchar desde el Congreso hasta la Plaza de Mayo.<\/p>\n<p>\u00abLa crisis pol\u00edtica creada con la muerte de Nisman puso al desnudo de forma profunda varios aspectos de la conspiraci\u00f3n permanente de las fuerzas del Estado contra los trabajadores y las mujeres en particular. El aparato de inteligencia del Estado desde su c\u00fapula est\u00e1 implicado en la participaci\u00f3n y el encubrimiento de los cr\u00edmenes contra las mujeres: regentean con la anuencia del gobierno nacional, la trata de personas y el encubrimiento a los cr\u00edmenes de los hijos del poder como ocurre con Alperovich en Tucum\u00e1n\u00bb, se\u00f1al\u00f3 el diputado, \u00abPara los diputados del Frente de Izquierda ser\u00e1 una cita de honor en el cumplimiento del compromiso que tenemos con el programa de reivindicaciones de las mujeres movilizadas. por el aborto legal, seguro y gratuito, por el desmantelamiento de las redes de trata, el trabajo en blanco y por la destituci\u00f3n del genocida Milani! y el desmantelamiento del aparato de inteligencia que participa y encubre los delitos contra las mujeres y el pueblo\u00bb.<\/p>\n<p>El 9 de marzo desde Congreso partir\u00e1 a las 18 horas la columna de manifestantes en el d\u00eda Internacional de la Mujer Trabajadora.<\/p>\n<p>Organizaci\u00f3n de Mujeres Plenario de Trabajadoras<\/p>\n<div>Partido Obrero<\/div>\n<div><\/div>\n<div>Para comunicarse:<\/div>\n<div><\/div>\n<div>Vanina Biasi 1554859472<\/div>\n<div>N\u00e9stor Pitrola 1553242356<\/div>\n","protected":false},"excerpt":{"rendered":"<p>\u00abCon una columna encabezada por las v\u00edctimas de la violencia contra la mujer, representantes del movimiento de mujeres y diputados nacionales y locales, el 9 de marzo se va a realizar una enorme movilizaci\u00f3n pol\u00edtica que irrumpir\u00e1 en el escenario pol\u00edtico con los planteos propios de las mujeres trabajadoras\u00bb destac\u00f3 la dirigente nacional de la&hellip;<\/p>\n","protected":false},"author":1,"featured_media":0,"comment_status":"open","ping_status":"open","sticky":false,"template":"","format":"standard","meta":{"footnotes":""},"categories":[25],"tags":[20950,20949,4965,15138],"class_list":["post-49583","post","type-post","status-publish","format-standard","hentry","category-sociedad","tag-9m","tag-plenario-de-trabajadoras","tag-po","tag-vanina-biasi"],"_links":{"self":[{"href":"https:\/\/www.elsindical.com.ar\/notas\/wp-json\/wp\/v2\/posts\/49583","targetHints":{"allow":["GET"]}}],"collection":[{"href":"https:\/\/www.elsindical.com.ar\/notas\/wp-json\/wp\/v2\/posts"}],"about":[{"href":"https:\/\/www.elsindical.com.ar\/notas\/wp-json\/wp\/v2\/types\/post"}],"author":[{"embeddable":true,"href":"https:\/\/www.elsindical.com.ar\/notas\/wp-json\/wp\/v2\/users\/1"}],"replies":[{"embeddable":true,"href":"https:\/\/www.elsindical.com.ar\/notas\/wp-json\/wp\/v2\/comments?post=49583"}],"version-history":[{"count":1,"href":"https:\/\/www.elsindical.com.ar\/notas\/wp-json\/wp\/v2\/posts\/49583\/revisions"}],"predecessor-version":[{"id":49584,"href":"https:\/\/www.elsindical.com.ar\/notas\/wp-json\/wp\/v2\/posts\/49583\/revisions\/49584"}],"wp:attachment":[{"href":"https:\/\/www.elsindical.com.ar\/notas\/wp-json\/wp\/v2\/media?parent=49583"}],"wp:term":[{"taxonomy":"category","embeddable":true,"href":"https:\/\/www.elsindical.com.ar\/notas\/wp-json\/wp\/v2\/categories?post=49583"},{"taxonomy":"post_tag","embeddable":true,"href":"https:\/\/www.elsindical.com.ar\/notas\/wp-json\/wp\/v2\/tags?post=49583"}],"curies":[{"name":"wp","href":"https:\/\/api.w.org\/{rel}","templated":true}]}}