{"id":49554,"date":"2015-03-06T07:11:53","date_gmt":"2015-03-06T10:11:53","guid":{"rendered":"http:\/\/www.elsindical.com.ar\/notas\/?p=49554"},"modified":"2015-03-06T07:11:53","modified_gmt":"2015-03-06T10:11:53","slug":"vecinos-de-sarandi-reclamaron-mas-seguridad-para-el-barrio","status":"publish","type":"post","link":"https:\/\/www.elsindical.com.ar\/notas\/vecinos-de-sarandi-reclamaron-mas-seguridad-para-el-barrio\/","title":{"rendered":"Vecinos de Sarand\u00ed reclamaron m\u00e1s seguridad para el barrio"},"content":{"rendered":"<p><a href=\"http:\/\/www.elsindical.com.ar\/notas\/var\/www\/html\/notas\/wp-content\/uploads\/2015\/03\/P1490766.jpg\"><img loading=\"lazy\" decoding=\"async\" class=\"alignnone size-medium wp-image-49555\" src=\"http:\/\/www.elsindical.com.ar\/notas\/var\/www\/html\/notas\/wp-content\/uploads\/2015\/03\/P1490766-300x201.jpg\" alt=\"P1490766\" width=\"300\" height=\"201\" srcset=\"https:\/\/www.elsindical.com.ar\/notas\/var\/www\/html\/notas\/wp-content\/uploads\/2015\/03\/P1490766-300x201.jpg 300w, https:\/\/www.elsindical.com.ar\/notas\/var\/www\/html\/notas\/wp-content\/uploads\/2015\/03\/P1490766-448x300.jpg 448w, https:\/\/www.elsindical.com.ar\/notas\/var\/www\/html\/notas\/wp-content\/uploads\/2015\/03\/P1490766.jpg 620w\" sizes=\"auto, (max-width: 300px) 100vw, 300px\" \/><\/a>Una vez m\u00e1s vecinos de la localidad de Sarand\u00ed, se manifestaron en un pac\u00edfico reclamo frente a la comisar\u00eda 4ta de Avellaneda, donde curiosamente los jefes policiales montaron un operativo innecesario y que lejos de resguardar la comisar\u00eda molesta a los vecinos que ven polic\u00edas de m\u00e1s cuando luego se les dice que no tienen gente.<\/p>\n<p>Vecinos de Sarand\u00ed, volvieron a manifestarse para reclamar m\u00e1s seguridad para el barrio, los patrullajes no alcanzan por lo que ellos dicen, y fueron muchas las quejas por la atenci\u00f3n y las demoras al 911.<\/p>\n<p>Con la presencia del Jefe Distrital el Comisario Diego Sambiase, m\u00e1s el titular de la comisar\u00eda 4ta Medina y otros oficiales, los vecinos charlaron cara a cara expresando sus quejas, sus reclamos y contaron sus experiencias, desde las demoras de los m\u00f3viles, hasta mala atenci\u00f3n al hacer las denuncias por parte de personal policial de la comisar\u00eda.<\/p>\n<p>El Comisario Sambiase, volvi\u00f3 a demostrar su poca cintura a la hora de dialogar con los vecinos y sigue teniendo el problema de no saber dialogar, ya que suele generar discusiones innecesarias y respuestas que cierran el buen di\u00e1logo, o se escucha a la gente o que no se presente y espere en su despacho.<\/p>\n<p>Ni siquiera tuvieron el acierto de explicarle a los vecinos que desde la comisar\u00eda se trabaja todos los d\u00edas e informarlos de los \u00faltimos allanamientos y procedimientos policiales positivos, algo que la gente hubiera valorado, discutir el resto no hace m\u00e1s que alejar posiciones.<\/p>\n<p>El Jefe Distrital pidi\u00f3 una nueva reuni\u00f3n y se comprometi\u00f3 con los vecinos a que iba a mejorar la presencia policial y la seguridad en la zona, por lo que se acord\u00f3 una nueva reuni\u00f3n para el d\u00eda viernes 27 de marzo en la puerta de la comisar\u00eda.<\/p>\n","protected":false},"excerpt":{"rendered":"<p>Una vez m\u00e1s vecinos de la localidad de Sarand\u00ed, se manifestaron en un pac\u00edfico reclamo frente a la comisar\u00eda 4ta de Avellaneda, donde curiosamente los jefes policiales montaron un operativo innecesario y que lejos de resguardar la comisar\u00eda molesta a los vecinos que ven polic\u00edas de m\u00e1s cuando luego se les dice que no tienen&hellip;<\/p>\n","protected":false},"author":1,"featured_media":0,"comment_status":"open","ping_status":"open","sticky":false,"template":"","format":"standard","meta":{"footnotes":""},"categories":[25],"tags":[614,4739,20941,984],"class_list":["post-49554","post","type-post","status-publish","format-standard","hentry","category-sociedad","tag-614","tag-comisaria-4ta","tag-comisario-diego-sambiase","tag-inseguridad"],"_links":{"self":[{"href":"https:\/\/www.elsindical.com.ar\/notas\/wp-json\/wp\/v2\/posts\/49554","targetHints":{"allow":["GET"]}}],"collection":[{"href":"https:\/\/www.elsindical.com.ar\/notas\/wp-json\/wp\/v2\/posts"}],"about":[{"href":"https:\/\/www.elsindical.com.ar\/notas\/wp-json\/wp\/v2\/types\/post"}],"author":[{"embeddable":true,"href":"https:\/\/www.elsindical.com.ar\/notas\/wp-json\/wp\/v2\/users\/1"}],"replies":[{"embeddable":true,"href":"https:\/\/www.elsindical.com.ar\/notas\/wp-json\/wp\/v2\/comments?post=49554"}],"version-history":[{"count":1,"href":"https:\/\/www.elsindical.com.ar\/notas\/wp-json\/wp\/v2\/posts\/49554\/revisions"}],"predecessor-version":[{"id":49556,"href":"https:\/\/www.elsindical.com.ar\/notas\/wp-json\/wp\/v2\/posts\/49554\/revisions\/49556"}],"wp:attachment":[{"href":"https:\/\/www.elsindical.com.ar\/notas\/wp-json\/wp\/v2\/media?parent=49554"}],"wp:term":[{"taxonomy":"category","embeddable":true,"href":"https:\/\/www.elsindical.com.ar\/notas\/wp-json\/wp\/v2\/categories?post=49554"},{"taxonomy":"post_tag","embeddable":true,"href":"https:\/\/www.elsindical.com.ar\/notas\/wp-json\/wp\/v2\/tags?post=49554"}],"curies":[{"name":"wp","href":"https:\/\/api.w.org\/{rel}","templated":true}]}}