{"id":49551,"date":"2015-03-06T06:50:38","date_gmt":"2015-03-06T09:50:38","guid":{"rendered":"http:\/\/www.elsindical.com.ar\/notas\/?p=49551"},"modified":"2015-03-06T06:50:38","modified_gmt":"2015-03-06T09:50:38","slug":"avellaneda-irresponsabilidad-municipal","status":"publish","type":"post","link":"https:\/\/www.elsindical.com.ar\/notas\/avellaneda-irresponsabilidad-municipal\/","title":{"rendered":"Avellaneda: Irresponsabilidad municipal"},"content":{"rendered":"<p><a href=\"http:\/\/www.elsindical.com.ar\/notas\/var\/www\/html\/notas\/wp-content\/uploads\/2015\/03\/P1490761.jpg\"><img loading=\"lazy\" decoding=\"async\" class=\"alignnone size-medium wp-image-49552\" src=\"http:\/\/www.elsindical.com.ar\/notas\/var\/www\/html\/notas\/wp-content\/uploads\/2015\/03\/P1490761-300x163.jpg\" alt=\"P1490761\" width=\"300\" height=\"163\" srcset=\"https:\/\/www.elsindical.com.ar\/notas\/var\/www\/html\/notas\/wp-content\/uploads\/2015\/03\/P1490761-300x163.jpg 300w, https:\/\/www.elsindical.com.ar\/notas\/var\/www\/html\/notas\/wp-content\/uploads\/2015\/03\/P1490761-1024x556.jpg 1024w, https:\/\/www.elsindical.com.ar\/notas\/var\/www\/html\/notas\/wp-content\/uploads\/2015\/03\/P1490761-500x272.jpg 500w\" sizes=\"auto, (max-width: 300px) 100vw, 300px\" \/><\/a>Se supone, que el municipio deber\u00eda trabajar para mejorar las condiciones de vida de los vecinos de Avellaneda, y tambi\u00e9n se supone que el municipio debe dar el ejemplo en sus acciones, pero, la gesti\u00f3n Ferraresi, est\u00e1 muy lejos de las correctas suposiciones, ya que suele \u00abhacer\u00bb en la forma que les cae en gana.<\/p>\n<p>Por estos d\u00edas, circular por D\u00edaz V\u00e9lez a la altura de la calle Col\u00f3n, una arteria con mucho flujo de veh\u00edculos entre los que se cuentan especialmente los de carga, se ha tornado algo riesgoso ya que de manera irresponsable, el municipio a reducido la calle, ocupando la mitad de la misma durante dos d\u00edas con arena y ahora ha sumado un mont\u00edculo de tierra.<\/p>\n<p>Vale recordar que son muchas las quejas de vecinos que al hacer reformas o construir han recibido multas por no ingresar la arena, tierra o piedras a sus domicilios, pero parece que el municipio puede sin apuro ocupar la calle con los riesgos e inconvenientes que eso produce.<\/p>\n<p>&nbsp;<\/p>\n<p>Por Marcelo Ricardo Hawrylciw<\/p>\n","protected":false},"excerpt":{"rendered":"<p>Se supone, que el municipio deber\u00eda trabajar para mejorar las condiciones de vida de los vecinos de Avellaneda, y tambi\u00e9n se supone que el municipio debe dar el ejemplo en sus acciones, pero, la gesti\u00f3n Ferraresi, est\u00e1 muy lejos de las correctas suposiciones, ya que suele \u00abhacer\u00bb en la forma que les cae en gana.&hellip;<\/p>\n","protected":false},"author":1,"featured_media":0,"comment_status":"open","ping_status":"open","sticky":false,"template":"","format":"standard","meta":{"footnotes":""},"categories":[6],"tags":[461,2500,20940,1062],"class_list":["post-49551","post","type-post","status-publish","format-standard","hentry","category-denuncias","tag-avellaneda","tag-calle","tag-dias-velez","tag-jorge-ferraresi"],"_links":{"self":[{"href":"https:\/\/www.elsindical.com.ar\/notas\/wp-json\/wp\/v2\/posts\/49551","targetHints":{"allow":["GET"]}}],"collection":[{"href":"https:\/\/www.elsindical.com.ar\/notas\/wp-json\/wp\/v2\/posts"}],"about":[{"href":"https:\/\/www.elsindical.com.ar\/notas\/wp-json\/wp\/v2\/types\/post"}],"author":[{"embeddable":true,"href":"https:\/\/www.elsindical.com.ar\/notas\/wp-json\/wp\/v2\/users\/1"}],"replies":[{"embeddable":true,"href":"https:\/\/www.elsindical.com.ar\/notas\/wp-json\/wp\/v2\/comments?post=49551"}],"version-history":[{"count":1,"href":"https:\/\/www.elsindical.com.ar\/notas\/wp-json\/wp\/v2\/posts\/49551\/revisions"}],"predecessor-version":[{"id":49553,"href":"https:\/\/www.elsindical.com.ar\/notas\/wp-json\/wp\/v2\/posts\/49551\/revisions\/49553"}],"wp:attachment":[{"href":"https:\/\/www.elsindical.com.ar\/notas\/wp-json\/wp\/v2\/media?parent=49551"}],"wp:term":[{"taxonomy":"category","embeddable":true,"href":"https:\/\/www.elsindical.com.ar\/notas\/wp-json\/wp\/v2\/categories?post=49551"},{"taxonomy":"post_tag","embeddable":true,"href":"https:\/\/www.elsindical.com.ar\/notas\/wp-json\/wp\/v2\/tags?post=49551"}],"curies":[{"name":"wp","href":"https:\/\/api.w.org\/{rel}","templated":true}]}}