{"id":49538,"date":"2015-03-05T17:08:45","date_gmt":"2015-03-05T20:08:45","guid":{"rendered":"http:\/\/www.elsindical.com.ar\/notas\/?p=49538"},"modified":"2015-03-05T17:08:45","modified_gmt":"2015-03-05T20:08:45","slug":"echaron-al-director-del-portal-infojus-del-ministerio-de-justicia","status":"publish","type":"post","link":"https:\/\/www.elsindical.com.ar\/notas\/echaron-al-director-del-portal-infojus-del-ministerio-de-justicia\/","title":{"rendered":"Echaron al director del portal Infojus del ministerio de Justicia"},"content":{"rendered":"<p><em><a href=\"http:\/\/www.elsindical.com.ar\/notas\/var\/www\/html\/notas\/wp-content\/uploads\/2015\/03\/Cristian-Alarc\u00f3n.jpg\"><img loading=\"lazy\" decoding=\"async\" class=\"alignnone size-medium wp-image-49540\" src=\"http:\/\/www.elsindical.com.ar\/notas\/var\/www\/html\/notas\/wp-content\/uploads\/2015\/03\/Cristian-Alarc\u00f3n-300x194.jpg\" alt=\"Cristian-Alarc\u00f3n\" width=\"300\" height=\"194\" srcset=\"https:\/\/www.elsindical.com.ar\/notas\/var\/www\/html\/notas\/wp-content\/uploads\/2015\/03\/Cristian-Alarc\u00f3n-300x194.jpg 300w, https:\/\/www.elsindical.com.ar\/notas\/var\/www\/html\/notas\/wp-content\/uploads\/2015\/03\/Cristian-Alarc\u00f3n-465x300.jpg 465w, https:\/\/www.elsindical.com.ar\/notas\/var\/www\/html\/notas\/wp-content\/uploads\/2015\/03\/Cristian-Alarc\u00f3n.jpg 502w\" sizes=\"auto, (max-width: 300px) 100vw, 300px\" \/><\/a>Es Cristian Alarc\u00f3n, cercano a Zaffaroni. Hab\u00eda dejado trascender que Nisman estaba borracho al momento de morir.<\/em><\/p>\n<p>Fuentes del ministerio de Justicia informaron que <b>Cristian Alarc\u00f3n, hasta hoy director del portal Infojus de esa cartera, no ocupar\u00e1 m\u00e1s ese cargo<\/b>, luego del esc\u00e1ndalo producido por la versi\u00f3n que hizo circular ayer ese sitio. Para Infojus, Alberto Nisman estaba borracho al momento de su muerte.<\/p>\n<p><b>Cristian Alarc\u00f3n es un periodista de larga trayectoria, de reconocida amistad con Eugenio Zaffaroni, ex ministro de la Corte Suprema de Justicia<\/b>. Alarc\u00f3n dirige Infojus desde la creaci\u00f3n del portal, que surgi\u00f3 como parte de la estrategia medi\u00e1tica del Gobierno para oponerlo al sitio de noticias de la Corte.<\/p>\n<p>Ayer Infojus public\u00f3 que el fallecido fiscal Alberto Nisman ten\u00eda, al momento de morir, 1,73 de alcohol en sangre. Aunque hoy aclar\u00f3: \u00abInfojus Noticias cometi\u00f3 el error de publicar informaci\u00f3n no proveniente de comunicados oficiales sobre la causa, que investiga la muerte del fiscal\u00bb, dice el escrito publicado en el sitio web. Y agrega que la informaci\u00f3n \u00abfue proporcionada por una fuente del caso\u00bb.<\/p>\n","protected":false},"excerpt":{"rendered":"<p>Es Cristian Alarc\u00f3n, cercano a Zaffaroni. Hab\u00eda dejado trascender que Nisman estaba borracho al momento de morir. Fuentes del ministerio de Justicia informaron que Cristian Alarc\u00f3n, hasta hoy director del portal Infojus de esa cartera, no ocupar\u00e1 m\u00e1s ese cargo, luego del esc\u00e1ndalo producido por la versi\u00f3n que hizo circular ayer ese sitio. Para Infojus,&hellip;<\/p>\n","protected":false},"author":1,"featured_media":0,"comment_status":"open","ping_status":"open","sticky":false,"template":"","format":"standard","meta":{"footnotes":""},"categories":[13],"tags":[967,20938,8297],"class_list":["post-49538","post","type-post","status-publish","format-standard","hentry","category-politica","tag-alberto-nisman","tag-cristian-alarcon","tag-infojus"],"_links":{"self":[{"href":"https:\/\/www.elsindical.com.ar\/notas\/wp-json\/wp\/v2\/posts\/49538","targetHints":{"allow":["GET"]}}],"collection":[{"href":"https:\/\/www.elsindical.com.ar\/notas\/wp-json\/wp\/v2\/posts"}],"about":[{"href":"https:\/\/www.elsindical.com.ar\/notas\/wp-json\/wp\/v2\/types\/post"}],"author":[{"embeddable":true,"href":"https:\/\/www.elsindical.com.ar\/notas\/wp-json\/wp\/v2\/users\/1"}],"replies":[{"embeddable":true,"href":"https:\/\/www.elsindical.com.ar\/notas\/wp-json\/wp\/v2\/comments?post=49538"}],"version-history":[{"count":2,"href":"https:\/\/www.elsindical.com.ar\/notas\/wp-json\/wp\/v2\/posts\/49538\/revisions"}],"predecessor-version":[{"id":49541,"href":"https:\/\/www.elsindical.com.ar\/notas\/wp-json\/wp\/v2\/posts\/49538\/revisions\/49541"}],"wp:attachment":[{"href":"https:\/\/www.elsindical.com.ar\/notas\/wp-json\/wp\/v2\/media?parent=49538"}],"wp:term":[{"taxonomy":"category","embeddable":true,"href":"https:\/\/www.elsindical.com.ar\/notas\/wp-json\/wp\/v2\/categories?post=49538"},{"taxonomy":"post_tag","embeddable":true,"href":"https:\/\/www.elsindical.com.ar\/notas\/wp-json\/wp\/v2\/tags?post=49538"}],"curies":[{"name":"wp","href":"https:\/\/api.w.org\/{rel}","templated":true}]}}