{"id":49533,"date":"2015-03-05T15:31:31","date_gmt":"2015-03-05T18:31:31","guid":{"rendered":"http:\/\/www.elsindical.com.ar\/notas\/?p=49533"},"modified":"2015-03-06T09:20:30","modified_gmt":"2015-03-06T12:20:30","slug":"el-periodista-gustavo-grabia-vinculo-a-barras-bravas-con-el-intendente-jorge-ferraresi","status":"publish","type":"post","link":"https:\/\/www.elsindical.com.ar\/notas\/el-periodista-gustavo-grabia-vinculo-a-barras-bravas-con-el-intendente-jorge-ferraresi\/","title":{"rendered":"El periodista Gustavo Grabia vinculo a barras bravas con el intendente Jorge Ferraresi"},"content":{"rendered":"<p><em><a href=\"http:\/\/www.elsindical.com.ar\/notas\/var\/www\/html\/notas\/wp-content\/uploads\/2015\/03\/10991651.jpg\"><img loading=\"lazy\" decoding=\"async\" class=\"alignnone size-medium wp-image-49534\" src=\"http:\/\/www.elsindical.com.ar\/notas\/var\/www\/html\/notas\/wp-content\/uploads\/2015\/03\/10991651-300x230.jpg\" alt=\"10991651\" width=\"300\" height=\"230\" srcset=\"https:\/\/www.elsindical.com.ar\/notas\/var\/www\/html\/notas\/wp-content\/uploads\/2015\/03\/10991651-300x230.jpg 300w, https:\/\/www.elsindical.com.ar\/notas\/var\/www\/html\/notas\/wp-content\/uploads\/2015\/03\/10991651-392x300.jpg 392w, https:\/\/www.elsindical.com.ar\/notas\/var\/www\/html\/notas\/wp-content\/uploads\/2015\/03\/10991651.jpg 620w\" sizes=\"auto, (max-width: 300px) 100vw, 300px\" \/><\/a>El periodista especializado en la problem\u00e1tica de las barras y la violencia en el f\u00fatbol habl\u00f3 de \u00abnegocios ilegales\u00bb y \u00abv\u00ednculos con la pol\u00edtica\u00bb.<\/em><\/p>\n<p>Este mediod\u00eda el periodista deportivo, especializado en la tem\u00e1tica de los barras bravas, vincul\u00f3 al intendente de Avellaneda, Jorge Ferraresi, con barras de los clubes de Dock Sud y San Telmo, entre otros, al cuestionarle al presidente de Dock Sud, An\u00edbal Campanini\u00a0la conducta de los dirigentes del club que suelen entregar dinero y otras cosas a los barras.<\/p>\n<p>Cuando el directivo de Dock Sud intent\u00f3 evadir las preguntas y solo respond\u00eda que los conoc\u00eda, pero no le constaba si los que se le iban mencionando eran barras del club, el periodista fue m\u00e1s all\u00e1 y le pregunt\u00f3 si tampoco sab\u00eda que la barra del club trabaja pol\u00edticamente con Ferraresi en pintadas y movilizaciones, fue m\u00e1s all\u00e1 y le pregunt\u00f3 si desconoc\u00eda que paraban en el pasaje Homero, pero en palabras del periodista especializado habr\u00eda barras de Arsenal, Independiente, El Porvenir e incluso otros clubes locales vinculados a pol\u00edticos locales, como por ejemplo algunos de los que suelen acompa\u00f1ar al concejal H\u00e9ctor Villagra.<\/p>\n<p>Estas afirmaciones son coincidentes con la denuncia que desde El Sindical presentamos en la justicia para que se investigue si exist\u00eda relaci\u00f3n alguna y encubrimiento de parte de funcionarios del municipio a este sector de barras, acusados por vecinos de cometer todo tipo de delitos en la modalidad motochorros y de tener zonas liberadas donde se venden drogas.<\/p>\n<p>Habr\u00e1 que esperar si ante esta contundente denuncia p\u00fablica desde el municipio emiten alg\u00fan comunicado.<\/p>\n","protected":false},"excerpt":{"rendered":"<p>El periodista especializado en la problem\u00e1tica de las barras y la violencia en el f\u00fatbol habl\u00f3 de \u00abnegocios ilegales\u00bb y \u00abv\u00ednculos con la pol\u00edtica\u00bb. Este mediod\u00eda el periodista deportivo, especializado en la tem\u00e1tica de los barras bravas, vincul\u00f3 al intendente de Avellaneda, Jorge Ferraresi, con barras de los clubes de Dock Sud y San Telmo,&hellip;<\/p>\n","protected":false},"author":1,"featured_media":0,"comment_status":"open","ping_status":"open","sticky":false,"template":"","format":"standard","meta":{"footnotes":""},"categories":[6],"tags":[461,8183,892,3028,3439,20937,1062,206,1677],"class_list":["post-49533","post","type-post","status-publish","format-standard","hentry","category-denuncias","tag-avellaneda","tag-barras-bravas","tag-delitos","tag-dock-sud","tag-funcionarios","tag-gustavo-grabia","tag-jorge-ferraresi","tag-periodista","tag-san-telmo"],"_links":{"self":[{"href":"https:\/\/www.elsindical.com.ar\/notas\/wp-json\/wp\/v2\/posts\/49533","targetHints":{"allow":["GET"]}}],"collection":[{"href":"https:\/\/www.elsindical.com.ar\/notas\/wp-json\/wp\/v2\/posts"}],"about":[{"href":"https:\/\/www.elsindical.com.ar\/notas\/wp-json\/wp\/v2\/types\/post"}],"author":[{"embeddable":true,"href":"https:\/\/www.elsindical.com.ar\/notas\/wp-json\/wp\/v2\/users\/1"}],"replies":[{"embeddable":true,"href":"https:\/\/www.elsindical.com.ar\/notas\/wp-json\/wp\/v2\/comments?post=49533"}],"version-history":[{"count":4,"href":"https:\/\/www.elsindical.com.ar\/notas\/wp-json\/wp\/v2\/posts\/49533\/revisions"}],"predecessor-version":[{"id":49557,"href":"https:\/\/www.elsindical.com.ar\/notas\/wp-json\/wp\/v2\/posts\/49533\/revisions\/49557"}],"wp:attachment":[{"href":"https:\/\/www.elsindical.com.ar\/notas\/wp-json\/wp\/v2\/media?parent=49533"}],"wp:term":[{"taxonomy":"category","embeddable":true,"href":"https:\/\/www.elsindical.com.ar\/notas\/wp-json\/wp\/v2\/categories?post=49533"},{"taxonomy":"post_tag","embeddable":true,"href":"https:\/\/www.elsindical.com.ar\/notas\/wp-json\/wp\/v2\/tags?post=49533"}],"curies":[{"name":"wp","href":"https:\/\/api.w.org\/{rel}","templated":true}]}}