{"id":49528,"date":"2015-03-05T14:39:22","date_gmt":"2015-03-05T17:39:22","guid":{"rendered":"http:\/\/www.elsindical.com.ar\/notas\/?p=49528"},"modified":"2015-03-05T14:39:22","modified_gmt":"2015-03-05T17:39:22","slug":"aprendiendo-nuestros-derechos-en-salud","status":"publish","type":"post","link":"https:\/\/www.elsindical.com.ar\/notas\/aprendiendo-nuestros-derechos-en-salud\/","title":{"rendered":"Aprendiendo nuestros derechos en Salud"},"content":{"rendered":"<p><em><a href=\"http:\/\/www.elsindical.com.ar\/notas\/var\/www\/html\/notas\/wp-content\/uploads\/2010\/10\/torzo-m\u00e9dico.jpg\"><img loading=\"lazy\" decoding=\"async\" class=\"alignnone size-medium wp-image-10311\" src=\"http:\/\/www.elsindical.com.ar\/notas\/var\/www\/html\/notas\/wp-content\/uploads\/2010\/10\/torzo-m\u00e9dico-300x194.jpg\" alt=\"torzo-m\u00e9dico\" width=\"300\" height=\"194\" srcset=\"https:\/\/www.elsindical.com.ar\/notas\/var\/www\/html\/notas\/wp-content\/uploads\/2010\/10\/torzo-m\u00e9dico-300x194.jpg 300w, https:\/\/www.elsindical.com.ar\/notas\/var\/www\/html\/notas\/wp-content\/uploads\/2010\/10\/torzo-m\u00e9dico.jpg 325w\" sizes=\"auto, (max-width: 300px) 100vw, 300px\" \/><\/a>Como ya adelantaramos\u00a0 en nuestros encuentros anteriores vamos a ir contestando las inquietudes de nuestros vecinos avellanedenses, que tienen una discapacidad \u00a0y de sus familiares.<\/em><\/p>\n<p>El PRO est\u00e1 trabajando para que todos los derechos de las personas que tienen discapacidad, que hoy d\u00eda son meramente enunciativos, se hagan realidad.<\/p>\n<p>Para ello es necesario que aprendamos que la ciencia del derecho es un\u00a0 plexo de normativas que se entrelazan unas con otras , porque decimos esto , porque no solo los derechos est\u00e1n enunciados en la Convenci\u00f3n de los Derechos de las Personas Discapacitadas , tambi\u00e9n est\u00e1n en la Declaraci\u00f3n Americana de los Derechos y Deberes del Hombre, la Convenci\u00f3n Americana sobre Derechos Humanos ,Convenci\u00f3n Interamericana para la eliminaci\u00f3n de todas las formas de Discriminaci\u00f3n contra las personas con Discapacidad , y muchas otras Convenciones Internacionales que est\u00e1n receptadas en la Legislaci\u00f3n Nacional ,y nuestras Constituciones Nacional y Provincial que est\u00e1n por encima de todo el plexo normativo<\/p>\n<p>Continuando con el tema de los derechos de salud , ya hemos dicho que el certificado de Discapacidad nos da acceso a que el Estado, las Obras Sociales y las Prepagas cubran el 100 % de las prestaciones b\u00e1sicas indicadas por el m\u00e9dico, ya sea que se trate de terapias de habilitaci\u00f3n , rehabilitaci\u00f3n integral, medicaci\u00f3n, pr\u00f3tesis, y \u00f3rtesis.-<\/p>\n<p>En aquellos casos en que la persona debe ser trasladada desde y hac\u00eda lugares de atenci\u00f3n de su salud, como as\u00ed tambi\u00e9n a establecimientos educativos, se tiene derecho a contar con esos traslados.<\/p>\n<p>Tienen derecho a contar con apoyo para vivir en forma independiente, por lo que tienen derecho a contar con un asistente domiciliario,\u00a0 como as\u00ed tambi\u00e9n con un acompa\u00f1ante terap\u00e9utico el cual debe ser solicitado por el psiquiatra, para aquellos casos que as\u00ed lo requieran \u00a0.-<\/p>\n<p>De acuerdo a su patolog\u00eda tiene el mismo derecho que cualquier ciudadano a ser atendido por un especialista.\u00a0 Tienen derecho a tener apoyo y orientaci\u00f3n al grupo familiar. Derecho a acceder a los servicios de salud p\u00fablica y gratuita. Las obras sociales y las prepagas deben brindar cobertura total y sin l\u00edmite de tiempo de las prestaciones. Muchas veces las Obras sociales y las Prepagas se escudan en el Plan M\u00e9dico Obligatorio\u00a0 para decir que ellos est\u00e1n cubriendo lo que establece el Plan M\u00e9dico Obligatorio (PMO), pero aprendamos que el PMO es el piso de las prestaciones que deben cubrir \u00a0y no el techo.<\/p>\n<p>El lector abra notado que mencionamos El estado, decimos el estado porque nuestras constituciones son bien claras en decir que todos los habitantes tenemos derecho a la salud,\u00a0 entonces tengamos en cuenta que aquellas personas que cuentan con una pensi\u00f3n no contributiva tiene derecho a la misma cobertura de salud a trav\u00e9s del estado.-<\/p>\n<p>Por muchos de estos derechos que hoy d\u00eda son enunciados y no podemos ejercerlos porque no est\u00e1n en la pr\u00e1ctica, es que desde el PRO estamos trabajando para que se hagan realidad.<\/p>\n<p>&nbsp;<\/p>\n<p>Dirigente Pro Susana Scarpatti \u2013 Dra. N\u00e9lida Traba<\/p>\n","protected":false},"excerpt":{"rendered":"<p>Como ya adelantaramos\u00a0 en nuestros encuentros anteriores vamos a ir contestando las inquietudes de nuestros vecinos avellanedenses, que tienen una discapacidad \u00a0y de sus familiares. El PRO est\u00e1 trabajando para que todos los derechos de las personas que tienen discapacidad, que hoy d\u00eda son meramente enunciativos, se hagan realidad. Para ello es necesario que aprendamos&hellip;<\/p>\n","protected":false},"author":1,"featured_media":0,"comment_status":"open","ping_status":"open","sticky":false,"template":"","format":"standard","meta":{"footnotes":""},"categories":[13],"tags":[20782,7189,328,22031,20932],"class_list":["post-49528","post","type-post","status-publish","format-standard","hentry","category-politica","tag-nelida-traba","tag-pmo","tag-pro","tag-salud","tag-suana-scarpatti"],"_links":{"self":[{"href":"https:\/\/www.elsindical.com.ar\/notas\/wp-json\/wp\/v2\/posts\/49528","targetHints":{"allow":["GET"]}}],"collection":[{"href":"https:\/\/www.elsindical.com.ar\/notas\/wp-json\/wp\/v2\/posts"}],"about":[{"href":"https:\/\/www.elsindical.com.ar\/notas\/wp-json\/wp\/v2\/types\/post"}],"author":[{"embeddable":true,"href":"https:\/\/www.elsindical.com.ar\/notas\/wp-json\/wp\/v2\/users\/1"}],"replies":[{"embeddable":true,"href":"https:\/\/www.elsindical.com.ar\/notas\/wp-json\/wp\/v2\/comments?post=49528"}],"version-history":[{"count":1,"href":"https:\/\/www.elsindical.com.ar\/notas\/wp-json\/wp\/v2\/posts\/49528\/revisions"}],"predecessor-version":[{"id":49529,"href":"https:\/\/www.elsindical.com.ar\/notas\/wp-json\/wp\/v2\/posts\/49528\/revisions\/49529"}],"wp:attachment":[{"href":"https:\/\/www.elsindical.com.ar\/notas\/wp-json\/wp\/v2\/media?parent=49528"}],"wp:term":[{"taxonomy":"category","embeddable":true,"href":"https:\/\/www.elsindical.com.ar\/notas\/wp-json\/wp\/v2\/categories?post=49528"},{"taxonomy":"post_tag","embeddable":true,"href":"https:\/\/www.elsindical.com.ar\/notas\/wp-json\/wp\/v2\/tags?post=49528"}],"curies":[{"name":"wp","href":"https:\/\/api.w.org\/{rel}","templated":true}]}}