{"id":49488,"date":"2015-03-04T10:57:48","date_gmt":"2015-03-04T13:57:48","guid":{"rendered":"http:\/\/www.elsindical.com.ar\/notas\/?p=49488"},"modified":"2015-03-04T12:37:46","modified_gmt":"2015-03-04T15:37:46","slug":"protesta-de-trabajadores-frente-a-las-puertas-de-configraf-s-a","status":"publish","type":"post","link":"https:\/\/www.elsindical.com.ar\/notas\/protesta-de-trabajadores-frente-a-las-puertas-de-configraf-s-a\/","title":{"rendered":"Protesta de trabajadores frente a las puertas de CONFIGRAF S.A."},"content":{"rendered":"<p><a href=\"http:\/\/www.elsindical.com.ar\/notas\/var\/www\/html\/notas\/wp-content\/uploads\/2015\/03\/P1490754.jpg\"><img loading=\"lazy\" decoding=\"async\" class=\"alignnone size-medium wp-image-49490\" src=\"http:\/\/www.elsindical.com.ar\/notas\/var\/www\/html\/notas\/wp-content\/uploads\/2015\/03\/P1490754-300x167.jpg\" alt=\"P1490754\" width=\"300\" height=\"167\" srcset=\"https:\/\/www.elsindical.com.ar\/notas\/var\/www\/html\/notas\/wp-content\/uploads\/2015\/03\/P1490754-300x167.jpg 300w, https:\/\/www.elsindical.com.ar\/notas\/var\/www\/html\/notas\/wp-content\/uploads\/2015\/03\/P1490754-500x278.jpg 500w, https:\/\/www.elsindical.com.ar\/notas\/var\/www\/html\/notas\/wp-content\/uploads\/2015\/03\/P1490754.jpg 620w\" sizes=\"auto, (max-width: 300px) 100vw, 300px\" \/><\/a>\u00a0<em> Un grupo de trabajadores se encuentra protestando en las puertas de la empresa CONFIGRAF S.A. en el partido de Avellaneda, en reclamo del cumplimiento de los acuerdos que la firma rubric\u00f3 ante el Ministerio de Trabajo provincial y el cese de la persecuci\u00f3n a los delegados y trabajadores que militan sindicalmente.<\/em><\/p>\n<p>Un grupo de trabajadores de la empresa de capitales espa\u00f1oles CONFIGRAF S.A., protesta desde esta ma\u00f1ana en las puertas de la empresa ubicada en la calle Pte. Sarmiento 1297, de la localidad de Sarand\u00ed, partido de Avellaneda, por el despido de tres trabajadores, cuando la empresa hace poco m\u00e1s de tres meses firm\u00f3 un compromiso de no despidos, la medida adem\u00e1s se endurece por la falta de respuesta de la empresa y la inacci\u00f3n de las autoridades del representante local del Ministerio de Trabajo de la provincia de Buenos Aires que dirige el ministro Cuartango.<\/p>\n<p>En un breve comunicado los trabajadores reclaman textualmente:<\/p>\n<p>SE\u00d1OR RAM\u00d3N CRESPO, CALOS MENGUEZ Y JUAN CERVERA, LE DECIMOS QUE\u00a0 &#8230; LOS DERECHOS DE LOS TRABAJADORES EN ARGENTINA NO SE NEGOCIAN &#8230; SE EXIGEN. LAS LEYES ARGENTINAS LAS DEBEN CUMPLIR.<\/p>\n<p>Sindicato Papelero de Avellaneda.<\/p>\n<p>De no tener una respuesta las medidas de fuerza continuar\u00e1n y se incrementar\u00e1n con movilizaciones y cortes.<\/p>\n<p><a href=\"http:\/\/www.elsindical.com.ar\/notas\/var\/www\/html\/notas\/wp-content\/uploads\/2015\/03\/P1490752.jpg\"><img loading=\"lazy\" decoding=\"async\" class=\" size-medium wp-image-49489 aligncenter\" src=\"http:\/\/www.elsindical.com.ar\/notas\/var\/www\/html\/notas\/wp-content\/uploads\/2015\/03\/P1490752-300x206.jpg\" alt=\"P1490752\" width=\"300\" height=\"206\" srcset=\"https:\/\/www.elsindical.com.ar\/notas\/var\/www\/html\/notas\/wp-content\/uploads\/2015\/03\/P1490752-300x206.jpg 300w, https:\/\/www.elsindical.com.ar\/notas\/var\/www\/html\/notas\/wp-content\/uploads\/2015\/03\/P1490752-437x300.jpg 437w, https:\/\/www.elsindical.com.ar\/notas\/var\/www\/html\/notas\/wp-content\/uploads\/2015\/03\/P1490752.jpg 620w\" sizes=\"auto, (max-width: 300px) 100vw, 300px\" \/><\/a><iframe loading=\"lazy\" src=\"https:\/\/www.youtube.com\/embed\/o46nTtmizY4\" width=\"580\" height=\"420\" frameborder=\"0\" allowfullscreen=\"allowfullscreen\"><\/iframe><\/p>\n<p><em><strong>Por Marcelo Ricardo Hawrylciw<\/strong><\/em><\/p>\n","protected":false},"excerpt":{"rendered":"<p>\u00a0 Un grupo de trabajadores se encuentra protestando en las puertas de la empresa CONFIGRAF S.A. en el partido de Avellaneda, en reclamo del cumplimiento de los acuerdos que la firma rubric\u00f3 ante el Ministerio de Trabajo provincial y el cese de la persecuci\u00f3n a los delegados y trabajadores que militan sindicalmente. Un grupo de&hellip;<\/p>\n","protected":false},"author":1,"featured_media":0,"comment_status":"open","ping_status":"open","sticky":false,"template":"","format":"standard","meta":{"footnotes":""},"categories":[16],"tags":[461,20924,20922,55,53,20925,20923,125],"class_list":["post-49488","post","type-post","status-publish","format-standard","hentry","category-gremiales","tag-avellaneda","tag-carlos-menguez","tag-configraf-s-a","tag-delegados","tag-despidos","tag-juan-cervera","tag-ramon-crespo","tag-trabajadores"],"_links":{"self":[{"href":"https:\/\/www.elsindical.com.ar\/notas\/wp-json\/wp\/v2\/posts\/49488","targetHints":{"allow":["GET"]}}],"collection":[{"href":"https:\/\/www.elsindical.com.ar\/notas\/wp-json\/wp\/v2\/posts"}],"about":[{"href":"https:\/\/www.elsindical.com.ar\/notas\/wp-json\/wp\/v2\/types\/post"}],"author":[{"embeddable":true,"href":"https:\/\/www.elsindical.com.ar\/notas\/wp-json\/wp\/v2\/users\/1"}],"replies":[{"embeddable":true,"href":"https:\/\/www.elsindical.com.ar\/notas\/wp-json\/wp\/v2\/comments?post=49488"}],"version-history":[{"count":2,"href":"https:\/\/www.elsindical.com.ar\/notas\/wp-json\/wp\/v2\/posts\/49488\/revisions"}],"predecessor-version":[{"id":49492,"href":"https:\/\/www.elsindical.com.ar\/notas\/wp-json\/wp\/v2\/posts\/49488\/revisions\/49492"}],"wp:attachment":[{"href":"https:\/\/www.elsindical.com.ar\/notas\/wp-json\/wp\/v2\/media?parent=49488"}],"wp:term":[{"taxonomy":"category","embeddable":true,"href":"https:\/\/www.elsindical.com.ar\/notas\/wp-json\/wp\/v2\/categories?post=49488"},{"taxonomy":"post_tag","embeddable":true,"href":"https:\/\/www.elsindical.com.ar\/notas\/wp-json\/wp\/v2\/tags?post=49488"}],"curies":[{"name":"wp","href":"https:\/\/api.w.org\/{rel}","templated":true}]}}