{"id":49485,"date":"2015-03-04T06:57:03","date_gmt":"2015-03-04T09:57:03","guid":{"rendered":"http:\/\/www.elsindical.com.ar\/notas\/?p=49485"},"modified":"2015-03-04T06:57:03","modified_gmt":"2015-03-04T09:57:03","slug":"buscan-a-estudiante-desaparecida","status":"publish","type":"post","link":"https:\/\/www.elsindical.com.ar\/notas\/buscan-a-estudiante-desaparecida\/","title":{"rendered":"Buscan a estudiante desaparecida"},"content":{"rendered":"<p><em><a href=\"http:\/\/www.elsindical.com.ar\/notas\/var\/www\/html\/notas\/wp-content\/uploads\/2015\/03\/0012285310.jpg\"><img loading=\"lazy\" decoding=\"async\" class=\"alignnone size-medium wp-image-49486\" src=\"http:\/\/www.elsindical.com.ar\/notas\/var\/www\/html\/notas\/wp-content\/uploads\/2015\/03\/0012285310-289x300.jpg\" alt=\"0012285310\" width=\"289\" height=\"300\" srcset=\"https:\/\/www.elsindical.com.ar\/notas\/var\/www\/html\/notas\/wp-content\/uploads\/2015\/03\/0012285310-289x300.jpg 289w, https:\/\/www.elsindical.com.ar\/notas\/var\/www\/html\/notas\/wp-content\/uploads\/2015\/03\/0012285310.jpg 531w\" sizes=\"auto, (max-width: 289px) 100vw, 289px\" \/><\/a>Jennifer del Carmen Muro Cadillo <b>tiene 22 a\u00f1os y se prepara para ser abogada<\/b>. En di\u00e1logo, la famila sostuvo<b> que no se fue voluntariamente<\/b>.<\/em><\/p>\n<div>Jennifer del Carmen Muro Cadillo,<b> estudiante de abogac\u00eda de 22 a\u00f1os<\/b>, desapareci\u00f3 el lunes 23 de febrero cuando se dirig\u00eda a la embajada de Brasil, en Capital Federal, para realizar un tr\u00e1mite migratorio,<b> porque ten\u00eda planeado viajar al pa\u00eds lim\u00edtrofe. <\/b><\/div>\n<div><\/div>\n<div>Seg\u00fan explic\u00f3 la madre de la joven a <b>Infobae<\/b>, la familia y la UFI 21 del departamento judicial San Mart\u00edn tienen la misma hip\u00f3tesis: <b>Jennifer se encuentra cautiva en alg\u00fan sitio. <\/b>Su computadora, al igual que la casilla de correo electr\u00f3nico y las cuentas en redes sociales fueron intervenidas.<\/div>\n<div><\/div>\n<div>De all\u00ed,<b> los investigadores obtuvieron un dato clave<\/b>. El d\u00eda de su desaparici\u00f3n, se reuni\u00f3 durante la ma\u00f1ana con un hombre, cuyo nombre no trascendi\u00f3, que la habr\u00eda acompa\u00f1ado a tomar un helado, y luego a la estaci\u00f3n Boulogne del ferrocarril Belgrano Norte,<b> en San Isidro. <\/b><\/div>\n<div><\/div>\n<div>Al ser interrogado por la polic\u00eda, declar\u00f3 que <b>\u00e9l la dej\u00f3 en el and\u00e9n donde pasan los trenes que van rumbo a Capital Federal.<\/b> En la helader\u00eda que frecuentaba Jennifer dijeron que la conocen, <b>pero que no la vieron ese d\u00eda. <\/b><\/div>\n<div><\/div>\n<div>La madre asegur\u00f3 que \u00ab<b>hay otra pista<\/b>\u00ab, orientada en el mismo sentido de la hip\u00f3tesis familiar: el secuestro. <b>Adem\u00e1s, confirmaron que los funcionarios judiciales esperan las grabaciones de las c\u00e1maras de seguridad de la zona.<\/b><\/div>\n<div><\/div>\n<div>En su c\u00edrculo \u00edntimo, descartan que Jennifer se haya ido voluntariamente ya que, seg\u00fan indicaron a este medio, ten\u00eda un viaje planeado. <b>En declaraciones a la prensa, la hermana de Jennifer dijo que era \u00abseria, responsable\u00bb e incapaz \u00abde hacer una broma\u00bb de este estilo. <\/b><b><br \/>\n<\/b><\/div>\n<div><\/div>\n<div><b>El d\u00eda de la desaparici\u00f3n<\/b><\/div>\n<div><\/div>\n<div>Al salir de su casa el 23 de febrero, por la ma\u00f1ana, Jennifer se cruz\u00f3 con una amiga de su madre, a quien le coment\u00f3 <b>que ir\u00eda a realizar un tr\u00e1mite<\/b>. Por sus conversaciones en Facebook,<b> los investigadores confirmaron que cerca de las 9:30 horas dijo que un hombre la iba a acompa\u00f1ar a la embajada de Brasil. <\/b>Deb\u00eda presentarse a trabajar por la tarde, pero nunca lleg\u00f3.<\/div>\n<div><\/div>\n<div>En televisi\u00f3n, sobre el hombre con quien se iba a encontrar, la madre de la joven se\u00f1al\u00f3: \u00abEstaba interesado, sentimentalmente, en ella. <b>Siempre insist\u00eda, se est\u00e1 averiguando. Fue ubicado y declar\u00f3\u00bb. <\/b><\/div>\n<div><\/div>\n<div>\n<div>La hermana, por otro lado, dijo: <b>\u00abMe extra\u00f1a que haya aceptado la invitaci\u00f3n, no ten\u00eda ning\u00fan inter\u00e9s en esta persona. Ella nos dijo que no quer\u00eda tener ninguna relaci\u00f3n, es extra\u00f1o que justo haya sido la \u00faltima persona que la vio\u00bb<\/b>.<\/div>\n<div><\/div>\n<div><b>Marcha a Plaza de Mayo<\/b><\/div>\n<div><\/div>\n<div>\u00abEstamos organizando una marcha pac\u00edfica a Plaza de Mayo, <b>ser\u00e1 este jueves a las 18 horas, para pedir que aparezca Jennifer\u00bb<\/b>, asegur\u00f3 la madre.<\/div>\n<div><\/div>\n<div>Para aportar informaci\u00f3n sobre la ubicaci\u00f3n de la estudiante universitaria, llamar al <b>2058-0185 o al 15-3887-0265. <\/b><\/div>\n<\/div>\n<p>&nbsp;<\/p>\n","protected":false},"excerpt":{"rendered":"<p>Jennifer del Carmen Muro Cadillo tiene 22 a\u00f1os y se prepara para ser abogada. En di\u00e1logo, la famila sostuvo que no se fue voluntariamente. Jennifer del Carmen Muro Cadillo, estudiante de abogac\u00eda de 22 a\u00f1os, desapareci\u00f3 el lunes 23 de febrero cuando se dirig\u00eda a la embajada de Brasil, en Capital Federal, para realizar un&hellip;<\/p>\n","protected":false},"author":1,"featured_media":0,"comment_status":"open","ping_status":"open","sticky":false,"template":"","format":"standard","meta":{"footnotes":""},"categories":[26],"tags":[20921,973,3239,20920],"class_list":["post-49485","post","type-post","status-publish","format-standard","hentry","category-solidaridad","tag-abogacia","tag-desaparecida","tag-estudiante","tag-jennifer-del-carmen-muro-cadillo"],"_links":{"self":[{"href":"https:\/\/www.elsindical.com.ar\/notas\/wp-json\/wp\/v2\/posts\/49485","targetHints":{"allow":["GET"]}}],"collection":[{"href":"https:\/\/www.elsindical.com.ar\/notas\/wp-json\/wp\/v2\/posts"}],"about":[{"href":"https:\/\/www.elsindical.com.ar\/notas\/wp-json\/wp\/v2\/types\/post"}],"author":[{"embeddable":true,"href":"https:\/\/www.elsindical.com.ar\/notas\/wp-json\/wp\/v2\/users\/1"}],"replies":[{"embeddable":true,"href":"https:\/\/www.elsindical.com.ar\/notas\/wp-json\/wp\/v2\/comments?post=49485"}],"version-history":[{"count":1,"href":"https:\/\/www.elsindical.com.ar\/notas\/wp-json\/wp\/v2\/posts\/49485\/revisions"}],"predecessor-version":[{"id":49487,"href":"https:\/\/www.elsindical.com.ar\/notas\/wp-json\/wp\/v2\/posts\/49485\/revisions\/49487"}],"wp:attachment":[{"href":"https:\/\/www.elsindical.com.ar\/notas\/wp-json\/wp\/v2\/media?parent=49485"}],"wp:term":[{"taxonomy":"category","embeddable":true,"href":"https:\/\/www.elsindical.com.ar\/notas\/wp-json\/wp\/v2\/categories?post=49485"},{"taxonomy":"post_tag","embeddable":true,"href":"https:\/\/www.elsindical.com.ar\/notas\/wp-json\/wp\/v2\/tags?post=49485"}],"curies":[{"name":"wp","href":"https:\/\/api.w.org\/{rel}","templated":true}]}}