{"id":49477,"date":"2015-03-03T09:17:17","date_gmt":"2015-03-03T12:17:17","guid":{"rendered":"http:\/\/www.elsindical.com.ar\/notas\/?p=49477"},"modified":"2015-03-03T09:17:17","modified_gmt":"2015-03-03T12:17:17","slug":"chile-alerta-maxima-por-volcan-en-erupcion","status":"publish","type":"post","link":"https:\/\/www.elsindical.com.ar\/notas\/chile-alerta-maxima-por-volcan-en-erupcion\/","title":{"rendered":"Chile: Alerta m\u00e1xima por volc\u00e1n en erupci\u00f3n"},"content":{"rendered":"<p><em><a href=\"http:\/\/www.elsindical.com.ar\/notas\/var\/www\/html\/notas\/wp-content\/uploads\/2015\/03\/0012280421.jpg\"><img loading=\"lazy\" decoding=\"async\" class=\"alignnone size-medium wp-image-49478\" src=\"http:\/\/www.elsindical.com.ar\/notas\/var\/www\/html\/notas\/wp-content\/uploads\/2015\/03\/0012280421-300x169.jpg\" alt=\"0012280421\" width=\"300\" height=\"169\" srcset=\"https:\/\/www.elsindical.com.ar\/notas\/var\/www\/html\/notas\/wp-content\/uploads\/2015\/03\/0012280421-300x169.jpg 300w, https:\/\/www.elsindical.com.ar\/notas\/var\/www\/html\/notas\/wp-content\/uploads\/2015\/03\/0012280421-500x282.jpg 500w, https:\/\/www.elsindical.com.ar\/notas\/var\/www\/html\/notas\/wp-content\/uploads\/2015\/03\/0012280421.jpg 531w\" sizes=\"auto, (max-width: 300px) 100vw, 300px\" \/><\/a>Ubicado en el centro del pa\u00eds, estall\u00f3 a las 3 de la ma\u00f1ana hora local. El Gobierno decret\u00f3 el <b>alerta roja<\/b> ante el riesgo de que el <b>aumento del caudal de algunos r\u00edos<\/b> provoque <b>aludes<\/b>.<\/em><\/p>\n<p>La erupci\u00f3n se registr\u00f3 alrededor de las <b>03:00 de la madrugada<\/b> hora local (las 06:00 horario GMT), con una violenta explosi\u00f3n de <b>lava y humo<\/b> que se elev\u00f3 unos <b>tres kil\u00f3metros.<\/b><\/p>\n<p>El estallido oblig\u00f3 a la inmediata <b>evacuaci\u00f3n de 3.385 personas<\/b> que viven en las localidades afectadas, de acuerdo a los datos brindados por el ministro del Interior, Rodrigo Pe\u00f1ailillo.<\/p>\n<p>El funcionario nacional precis\u00f3 que hay <b>varias rutas cortadas<\/b> y que cuatro horas despu\u00e9s de la erupci\u00f3n se observaron <b>enormes lenguas de lava<\/b> que descendieron hacia la zona de Currarehue, que junto a las comunas de Puc\u00f3n y Villarrica y Panguipulli est\u00e1n bajo <b>alerta roja.<\/b><\/p>\n<p>El volc\u00e1n Villarrica se ubica <b>760 kil\u00f3metros al sur de Santiago,<\/b> y tiene una <b>altura de 2.847 metros<\/b> sobre el nivel del mar. Posee un cr\u00e1ter de 200 metros de di\u00e1metro, y la anterior vez que hab\u00eda entrado en erupci\u00f3n fue en el a\u00f1o <b>2000.<\/b><\/p>\n<p>Adem\u00e1s encabeza la lista de los volcanes m\u00e1s peligrosos del pa\u00eds por su cercan\u00eda a comunidades habitadas, la vulnerabilidad de la infraestructura de la zona y la sismicidad en los \u00faltimos 10.000 a\u00f1os.<\/p>\n<p>Tras 15 a\u00f1os de inactividad, el Villarrica inici\u00f3 una fase de mayor actividad con una potente explosi\u00f3n de cenizas y gases, junto con la emanaci\u00f3n de lava en el cono del macizo, en <b>una de las zonas m\u00e1s tur\u00edsticas<\/b> del pa\u00eds por la bellezas de sus <b>bosques, monta\u00f1as y lagos.<\/b><\/p>\n<p>\u00abSe mantiene el proceso de evacuaci\u00f3n de las zonas establecidas con alerta roja. El Servicio Nacional de Geolog\u00eda y Miner\u00eda (Sernageomin) se encuentra evaluando la situaci\u00f3n de <b>posibles aluviones, <\/b>producto de los <b>deshielos en el cono<\/b> volc\u00e1nico\u00bb, dijo Pe\u00f1ailillo a la prensa.<\/p>\n<p>Seg\u00fan autoridades, tras la erupci\u00f3n se hab\u00eda detectado un <b>mayor caudal en algunos r\u00edos cercanos<\/b> al macizo. Esto oblig\u00f3 al <b>corte preventivo<\/b> en el tr\u00e1nsito de <b>varias rutas<\/b> aleda\u00f1as a la zona.<\/p>\n<p>Im\u00e1genes del canal estatal chileno <i>TVN<\/i> mostraban, pasadas las 07:00 hora local (las 10:00 horario GMT), una <b>moderaci\u00f3n<\/b> en la actividad del Villarrica, con una <b>fumarola<\/b> que emanaba desde uno de los costados del volc\u00e1n.<\/p>\n<p>Expertos sobrevolar\u00e1n la zona del volc\u00e1n para determinar los pasos a seguir, dijo el ministro del Interior.<\/p>\n<p>La presidente <b>Michelle Bachelet<\/b> realiz\u00f3 este martes una reuni\u00f3n de emergencia con sus ministros, la Polic\u00eda y militares en el palacio presidencial en Santiago, tras la cual anunci\u00f3 que <b>viajar\u00eda a la zona afectada<\/b> por la erupci\u00f3n.<\/p>\n<p>En Chile hay unos <b>2.000 volcanes,<\/b> de los cuales <b>91 est\u00e1n activos,<\/b> y posee la <b>segunda<\/b> cadena volc\u00e1nica m\u00e1s grande y de mayor actividad del mundo despu\u00e9s de Indonesia.<\/p>\n<p>&nbsp;<\/p>\n","protected":false},"excerpt":{"rendered":"<p>Ubicado en el centro del pa\u00eds, estall\u00f3 a las 3 de la ma\u00f1ana hora local. El Gobierno decret\u00f3 el alerta roja ante el riesgo de que el aumento del caudal de algunos r\u00edos provoque aludes. La erupci\u00f3n se registr\u00f3 alrededor de las 03:00 de la madrugada hora local (las 06:00 horario GMT), con una violenta&hellip;<\/p>\n","protected":false},"author":1,"featured_media":0,"comment_status":"open","ping_status":"open","sticky":false,"template":"","format":"standard","meta":{"footnotes":""},"categories":[18],"tags":[1200,20919],"class_list":["post-49477","post","type-post","status-publish","format-standard","hentry","category-internacionales","tag-chile","tag-volcan-villarrica"],"_links":{"self":[{"href":"https:\/\/www.elsindical.com.ar\/notas\/wp-json\/wp\/v2\/posts\/49477","targetHints":{"allow":["GET"]}}],"collection":[{"href":"https:\/\/www.elsindical.com.ar\/notas\/wp-json\/wp\/v2\/posts"}],"about":[{"href":"https:\/\/www.elsindical.com.ar\/notas\/wp-json\/wp\/v2\/types\/post"}],"author":[{"embeddable":true,"href":"https:\/\/www.elsindical.com.ar\/notas\/wp-json\/wp\/v2\/users\/1"}],"replies":[{"embeddable":true,"href":"https:\/\/www.elsindical.com.ar\/notas\/wp-json\/wp\/v2\/comments?post=49477"}],"version-history":[{"count":1,"href":"https:\/\/www.elsindical.com.ar\/notas\/wp-json\/wp\/v2\/posts\/49477\/revisions"}],"predecessor-version":[{"id":49479,"href":"https:\/\/www.elsindical.com.ar\/notas\/wp-json\/wp\/v2\/posts\/49477\/revisions\/49479"}],"wp:attachment":[{"href":"https:\/\/www.elsindical.com.ar\/notas\/wp-json\/wp\/v2\/media?parent=49477"}],"wp:term":[{"taxonomy":"category","embeddable":true,"href":"https:\/\/www.elsindical.com.ar\/notas\/wp-json\/wp\/v2\/categories?post=49477"},{"taxonomy":"post_tag","embeddable":true,"href":"https:\/\/www.elsindical.com.ar\/notas\/wp-json\/wp\/v2\/tags?post=49477"}],"curies":[{"name":"wp","href":"https:\/\/api.w.org\/{rel}","templated":true}]}}