{"id":49455,"date":"2015-03-02T10:25:02","date_gmt":"2015-03-02T13:25:02","guid":{"rendered":"http:\/\/www.elsindical.com.ar\/notas\/?p=49455"},"modified":"2015-03-02T10:25:02","modified_gmt":"2015-03-02T13:25:02","slug":"paro-docente-y-movilizacion-en-la-ciudad-de-buenos-aires","status":"publish","type":"post","link":"https:\/\/www.elsindical.com.ar\/notas\/paro-docente-y-movilizacion-en-la-ciudad-de-buenos-aires\/","title":{"rendered":"Paro docente y movilizaci\u00f3n en la ciudad de Buenos Aires"},"content":{"rendered":"<p><em><a href=\"http:\/\/www.elsindical.com.ar\/notas\/var\/www\/html\/notas\/wp-content\/uploads\/2010\/10\/marcha-ADEMYS.jpg\"><img loading=\"lazy\" decoding=\"async\" class=\"alignnone size-full wp-image-10277\" src=\"http:\/\/www.elsindical.com.ar\/notas\/var\/www\/html\/notas\/wp-content\/uploads\/2010\/10\/marcha-ADEMYS.jpg\" alt=\"marcha-ADEMYS\" width=\"295\" height=\"173\" \/><\/a>El d\u00eda 2 de marzo en la ciudad de Buenos Aires los docentes nucleados en Ademys, segundo sindicato docente de importancia en la Capital Federal, llam\u00f3 a parar por 24hs y no iniciar las clases normalmente, en rechazo a la propuesta salarial del gobierno de Macri.\u00a0<\/em><\/p>\n<p>El sec. Adjunto de Ademys y miembro de Tribuna Docente Gabriel Lubo explic\u00f3 \u201cse trata de una paritaria de ajuste. Un maestro de grado de jornada simple cobra en mano en el mes de marzo $6.655 y tendr\u00e1 de aumento a partir de abril $545 en negro por mes hasta agosto; al mes siguiente, recibir\u00e1 un aumento de $930 con cifras en negro, nuevamente. O sea, un aumento del 22% en dos cuotas, que es presentado por el Ministerio de Educaci\u00f3n y la burocracia sindical de forma enga\u00f1osa como un 32%\u201d.<\/p>\n<p>En las diferentes asambleas docentes realizadas en la ciudad durante la semana pasada el rechazo a la propuesta del gobierno fue un\u00e1nime, tal como pasa en otros lugares del pa\u00eds como Santa Fe o la misma provincia de Buenos Aires donde habr\u00e1 un paro a pesar de las conducciones sindicales oficialistas que decidieron aceptar. Sobre este punto Lubo aclar\u00f3 \u201cEl kirchnerismo que dirige UTE- CTERA le pavimenta el camino presidencial a su supuesto archi-enemigo Macri, precisamente en un a\u00f1o electoral, y se convierte junto con la UDA en el principal garante de la paz social con ajuste\u201d<\/p>\n<div><\/div>\n<p>Finalmente Gabriel Lubo destac\u00f3 la importancia de participar de la concentraci\u00f3n del d\u00eda 2 en las puertas del Ministerio de Educaci\u00f3n, en Paseo Col\u00f3n 255 desde las 10hs, y de toda la campa\u00f1a que continuar\u00e1 contra el acuerdo con\u00a0\u201cuna amplia consulta en el gremio con firmas y pronunciamientos para denunciar este acuerdo en contra de los intereses de los docentes\u201d.<\/p>\n<div><\/div>\n<div><\/div>\n<div><strong>\u00a0<\/strong><\/div>\n<div><strong>Contacto Gabriel Lubo: 1151261811<\/strong><\/div>\n","protected":false},"excerpt":{"rendered":"<p>El d\u00eda 2 de marzo en la ciudad de Buenos Aires los docentes nucleados en Ademys, segundo sindicato docente de importancia en la Capital Federal, llam\u00f3 a parar por 24hs y no iniciar las clases normalmente, en rechazo a la propuesta salarial del gobierno de Macri.\u00a0 El sec. Adjunto de Ademys y miembro de Tribuna&hellip;<\/p>\n","protected":false},"author":1,"featured_media":0,"comment_status":"open","ping_status":"open","sticky":false,"template":"","format":"standard","meta":{"footnotes":""},"categories":[16],"tags":[496,1876,76,1196,67],"class_list":["post-49455","post","type-post","status-publish","format-standard","hentry","category-gremiales","tag-ademys","tag-docente","tag-mauricio-macri","tag-movilizacion","tag-paro"],"_links":{"self":[{"href":"https:\/\/www.elsindical.com.ar\/notas\/wp-json\/wp\/v2\/posts\/49455","targetHints":{"allow":["GET"]}}],"collection":[{"href":"https:\/\/www.elsindical.com.ar\/notas\/wp-json\/wp\/v2\/posts"}],"about":[{"href":"https:\/\/www.elsindical.com.ar\/notas\/wp-json\/wp\/v2\/types\/post"}],"author":[{"embeddable":true,"href":"https:\/\/www.elsindical.com.ar\/notas\/wp-json\/wp\/v2\/users\/1"}],"replies":[{"embeddable":true,"href":"https:\/\/www.elsindical.com.ar\/notas\/wp-json\/wp\/v2\/comments?post=49455"}],"version-history":[{"count":1,"href":"https:\/\/www.elsindical.com.ar\/notas\/wp-json\/wp\/v2\/posts\/49455\/revisions"}],"predecessor-version":[{"id":49456,"href":"https:\/\/www.elsindical.com.ar\/notas\/wp-json\/wp\/v2\/posts\/49455\/revisions\/49456"}],"wp:attachment":[{"href":"https:\/\/www.elsindical.com.ar\/notas\/wp-json\/wp\/v2\/media?parent=49455"}],"wp:term":[{"taxonomy":"category","embeddable":true,"href":"https:\/\/www.elsindical.com.ar\/notas\/wp-json\/wp\/v2\/categories?post=49455"},{"taxonomy":"post_tag","embeddable":true,"href":"https:\/\/www.elsindical.com.ar\/notas\/wp-json\/wp\/v2\/tags?post=49455"}],"curies":[{"name":"wp","href":"https:\/\/api.w.org\/{rel}","templated":true}]}}