{"id":49416,"date":"2015-02-26T23:51:05","date_gmt":"2015-02-27T02:51:05","guid":{"rendered":"http:\/\/www.elsindical.com.ar\/notas\/?p=49416"},"modified":"2015-02-26T23:51:05","modified_gmt":"2015-02-27T02:51:05","slug":"lanus-irresponsabilidad-politica-y-pesima-gestion-en-seguridad","status":"publish","type":"post","link":"https:\/\/www.elsindical.com.ar\/notas\/lanus-irresponsabilidad-politica-y-pesima-gestion-en-seguridad\/","title":{"rendered":"Lan\u00fas: Irresponsabilidad pol\u00edtica y p\u00e9sima gesti\u00f3n en seguridad"},"content":{"rendered":"<p><em><a href=\"http:\/\/www.elsindical.com.ar\/notas\/var\/www\/html\/notas\/wp-content\/uploads\/2014\/11\/Concejo-Deliberante-Lan\u00fas.jpg\"><img loading=\"lazy\" decoding=\"async\" class=\"alignnone size-medium wp-image-47237\" src=\"http:\/\/www.elsindical.com.ar\/notas\/var\/www\/html\/notas\/wp-content\/uploads\/2014\/11\/Concejo-Deliberante-Lan\u00fas-300x177.jpg\" alt=\"Concejo-Deliberante-Lan\u00fas\" width=\"300\" height=\"177\" srcset=\"https:\/\/www.elsindical.com.ar\/notas\/var\/www\/html\/notas\/wp-content\/uploads\/2014\/11\/Concejo-Deliberante-Lan\u00fas-300x177.jpg 300w, https:\/\/www.elsindical.com.ar\/notas\/var\/www\/html\/notas\/wp-content\/uploads\/2014\/11\/Concejo-Deliberante-Lan\u00fas-500x296.jpg 500w, https:\/\/www.elsindical.com.ar\/notas\/var\/www\/html\/notas\/wp-content\/uploads\/2014\/11\/Concejo-Deliberante-Lan\u00fas.jpg 531w\" sizes=\"auto, (max-width: 300px) 100vw, 300px\" \/><\/a>Los \u00faltimos hechos policiales graves, demuestran que en el partido de Lan\u00fas, los pol\u00edticos encabezados por el intendente Diego P\u00e9rez, han demostrado no estar a la altura de las circunstancias, los vecinos cansados de los robos, los homicidios y hechos menores de violencia, se han organizado y prometen realizar marchas y cortes para que se conozcan sus reclamos.<\/em><\/p>\n<p>Hoy por falta de quorum, qued\u00f3 trunca la sesi\u00f3n para que el Concejo Deliberante trate el nuevo organigrama de la Secretar\u00eda de Seguridad.\u00a0Los bloques opositores adoptaron una posici\u00f3n unificada de rechazo y el proyecto tampoco consigue el apoyo rotundo de los ediles cercanos al oficialismo.<\/p>\n<p>Las reformas podr\u00edan ser tratadas el 10 u 11 de marzo en una nueva sesi\u00f3n extraordinaria, luego de que el secretario de seguridad Mariano Amore concurra al recinto para explicar la situaci\u00f3n del municipio en lo que a seguridad se refiere.<\/p>\n","protected":false},"excerpt":{"rendered":"<p>Los \u00faltimos hechos policiales graves, demuestran que en el partido de Lan\u00fas, los pol\u00edticos encabezados por el intendente Diego P\u00e9rez, han demostrado no estar a la altura de las circunstancias, los vecinos cansados de los robos, los homicidios y hechos menores de violencia, se han organizado y prometen realizar marchas y cortes para que se&hellip;<\/p>\n","protected":false},"author":1,"featured_media":0,"comment_status":"open","ping_status":"open","sticky":false,"template":"","format":"standard","meta":{"footnotes":""},"categories":[13],"tags":[16587,984,209,20467,613],"class_list":["post-49416","post","type-post","status-publish","format-standard","hentry","category-politica","tag-hcd","tag-inseguridad","tag-lanus","tag-mariano-amore","tag-seguridad"],"_links":{"self":[{"href":"https:\/\/www.elsindical.com.ar\/notas\/wp-json\/wp\/v2\/posts\/49416","targetHints":{"allow":["GET"]}}],"collection":[{"href":"https:\/\/www.elsindical.com.ar\/notas\/wp-json\/wp\/v2\/posts"}],"about":[{"href":"https:\/\/www.elsindical.com.ar\/notas\/wp-json\/wp\/v2\/types\/post"}],"author":[{"embeddable":true,"href":"https:\/\/www.elsindical.com.ar\/notas\/wp-json\/wp\/v2\/users\/1"}],"replies":[{"embeddable":true,"href":"https:\/\/www.elsindical.com.ar\/notas\/wp-json\/wp\/v2\/comments?post=49416"}],"version-history":[{"count":1,"href":"https:\/\/www.elsindical.com.ar\/notas\/wp-json\/wp\/v2\/posts\/49416\/revisions"}],"predecessor-version":[{"id":49417,"href":"https:\/\/www.elsindical.com.ar\/notas\/wp-json\/wp\/v2\/posts\/49416\/revisions\/49417"}],"wp:attachment":[{"href":"https:\/\/www.elsindical.com.ar\/notas\/wp-json\/wp\/v2\/media?parent=49416"}],"wp:term":[{"taxonomy":"category","embeddable":true,"href":"https:\/\/www.elsindical.com.ar\/notas\/wp-json\/wp\/v2\/categories?post=49416"},{"taxonomy":"post_tag","embeddable":true,"href":"https:\/\/www.elsindical.com.ar\/notas\/wp-json\/wp\/v2\/tags?post=49416"}],"curies":[{"name":"wp","href":"https:\/\/api.w.org\/{rel}","templated":true}]}}