{"id":49410,"date":"2015-02-26T16:40:29","date_gmt":"2015-02-26T19:40:29","guid":{"rendered":"http:\/\/www.elsindical.com.ar\/notas\/?p=49410"},"modified":"2015-02-26T16:40:29","modified_gmt":"2015-02-26T19:40:29","slug":"anibal-fernandez-vuelve-a-la-jefatura-de-gabinete","status":"publish","type":"post","link":"https:\/\/www.elsindical.com.ar\/notas\/anibal-fernandez-vuelve-a-la-jefatura-de-gabinete\/","title":{"rendered":"An\u00edbal Fern\u00e1ndez vuelve a la Jefatura de Gabinete"},"content":{"rendered":"<p><em><a href=\"http:\/\/www.elsindical.com.ar\/notas\/var\/www\/html\/notas\/wp-content\/uploads\/2014\/04\/An\u00edbal-Fern\u00e1ndez-rostro.jpg\"><img loading=\"lazy\" decoding=\"async\" class=\"alignnone size-medium wp-image-42321\" src=\"http:\/\/www.elsindical.com.ar\/notas\/var\/www\/html\/notas\/wp-content\/uploads\/2014\/04\/An\u00edbal-Fern\u00e1ndez-rostro-300x265.jpg\" alt=\"An\u00edbal-Fern\u00e1ndez-rostro\" width=\"300\" height=\"265\" srcset=\"https:\/\/www.elsindical.com.ar\/notas\/var\/www\/html\/notas\/wp-content\/uploads\/2014\/04\/An\u00edbal-Fern\u00e1ndez-rostro-300x265.jpg 300w, https:\/\/www.elsindical.com.ar\/notas\/var\/www\/html\/notas\/wp-content\/uploads\/2014\/04\/An\u00edbal-Fern\u00e1ndez-rostro-339x300.jpg 339w, https:\/\/www.elsindical.com.ar\/notas\/var\/www\/html\/notas\/wp-content\/uploads\/2014\/04\/An\u00edbal-Fern\u00e1ndez-rostro.jpg 502w\" sizes=\"auto, (max-width: 300px) 100vw, 300px\" \/><\/a>La Presidente dispuso la salida del dirigente chaque\u00f1o y del ministro de Salud. <b>Eduardo \u00abWado\u00bb de Pedro<\/b> ser\u00e1 el nuevo secretario general de la Presidencia.<\/em><\/p>\n<p>Apenas minutos despu\u00e9s de que el juez <b>Daniel Rafecas<\/b> desestimara la imputaci\u00f3n de Cristina Kirchner, el gobierno nacional anunci\u00f3 cuatro cambios en el gabinete. El m\u00e1s relevante, y quiz\u00e1 tambi\u00e9n el m\u00e1s anunciado, fue la decisi\u00f3n de que An\u00edbal Fern\u00e1ndez reemplace a <b>Jorge Capitanich<\/b> en la jefatura de Gabinete.<\/p>\n<p>El lugar de <b>An\u00edbal Fern\u00e1ndez<\/b> en la secretar\u00eda general de la Presidencia lo ocupar\u00e1 un hombre de La C\u00e1mpora: se trata del diputado nacional <b>Eduardo \u00abWado\u00bb De Pedro, <\/b>primer hombre de la agrupaci\u00f3n juvenil en llegar a un cargo tan alto dentro del organigrama de Gobierno.<\/p>\n<p>La decisi\u00f3n fue comunicada por el secretario de Comunicaci\u00f3n P\u00fablica, <b>Alfredo Scoccimarro<\/b>, en una sorpresiva conferencia que fue anunciada apenas minutos antes de que sucediera.<\/p>\n<p>En su breve mensaje, el vocero presidencial inform\u00f3 adem\u00e1s que habr\u00e1 cambios en el Ministerio de Salud. <b>Juan Manzur<\/b>, quien suena como posible candidato a gobernador de Tucum\u00e1n, dejar\u00e1 de estar al frente de la cartera. Su lugar lo ocupar\u00e1 quien hasta ayer se desempe\u00f1aba como secretario de Salud Comunitaria, el doctor <b>Daniel Gollan<\/b>. A su vez, el cargo que \u00e9l dejar\u00e1 vacante ser\u00e1 para el subsecretario de Medicina Comunitaria, Maternidad e Infancia, <b>Nicol\u00e1s Kreplak<\/b>.<\/p>\n<p>Seg\u00fan precis\u00f3 Scoccimarro, la Presidente tomar\u00e1 el juramento para los cuatro nuevos cargos esta tarde a las 19 en la Casa Rosada.<\/p>\n<p>Esta ma\u00f1ana, ante las fuertes versiones que circulaban sobre su renuncia, Jorge Capitanich fue consultado acerca de la posibilidad de que dejase el cargo. Dos veces le preguntaron lo mismo y dos veces eludi\u00f3 la pregunta. Aunque insisti\u00f3 en que ya hab\u00eda respondido eso \u00ab<b>como 150 veces<\/b>\u00ab, eludi\u00f3 decir expresamente que no dejar\u00eda su puesto. Lo que s\u00ed anticip\u00f3 fue su intenci\u00f3n de ser candidato en su Chaco natal: \u00ab<b>Me encantar\u00eda ser intendente de Resistencia\u00bb.<\/b><\/p>\n<p>El noviembre de 2013, Capitanich hab\u00eda pedido licencia para dejar la gobernaci\u00f3n de Chaco y asumir la jefatura de Gabinete. T\u00e9cnicamente, el funcionario ahora estar\u00eda en condiciones de retomar su puesto, que en la actualidad es ocupado por el vicegobernador <b>Juan Carlos Bacileff Ivanoff<\/b>. Por el momento, no hay informaci\u00f3n al respecto.<\/p>\n<p><b>Un todoterreno oficialista<\/b><\/p>\n<p><b>An\u00edbal Fernandez<\/b> ofici\u00f3 desde un primer momento como un escudero del kirchnerismo: f<b>ue convocado por N\u00e9stor Kirchner en 2003 para ocupar el cargo de ministro del Interior<\/b>; en 2007, luego de la asunci\u00f3n de Cristina Kirchner, fue designado como <b>Ministro de Justicia, Seguridad y Derechos Humano<\/b>s.<\/p>\n<p>El 8 de junio de 2009, luego de la derrota del oficialismo en las elecciones legislativas, reemplaz\u00f3 a Sergio Massa como <b>jefe de Gabinete<\/b> y le puso su sello al cargo con respuestas filosas y un estilo cargado de chicanas que se convirtieron en una marca registrada.<\/p>\n<p>El alto nivel de exposici\u00f3n que tuvo durante esos a\u00f1os se aplac\u00f3 cuando le toc\u00f3 salir de la Casa Rosada para mudarse al Congreso, donde fue <b>senador nacional por la provincia de Buenos Aires<\/b>.<\/p>\n<p>Sin embargo, a finales del a\u00f1o pasado la Presidente decidi\u00f3 volver a convocarlo para estar cerca de ella y le dio el cargo de<b> secretario general de la Presidencia<\/b> que desempe\u00f1\u00f3 hasta esta ma\u00f1ana: hoy a las 19 jurar\u00e1 y <b>comenzar\u00e1 una nueva etapa como jefe de Gabinete<\/b>.<\/p>\n<p>Un camino similar, porque incluye la vuelta a un antiguo cargo, es el que emprender\u00e1 Jorge Milton Capitanich, que dej\u00f3 de ser jefe de ministros y <b>est\u00e1 en condiciones de reasumir como gobernador del Chaco<\/b>, provincia a la que dirigi\u00f3 durante seis a\u00f1os.<\/p>\n<p>En tanto, <b>Eduardo Enrique \u00abWado\u00bb de Pedro<\/b> es uno de los fundadores<b> de La C\u00e1mpora <\/b>y sufri\u00f3 en carne propia la dictadura militar que azot\u00f3 a la Argentina entre 1976 y 1983: su padre, Enrique de Pedro, desapareci\u00f3 el 22 de abril de 1977 y su madre, Lucila R\u00e9vora, fue secuestrada el 11 de octubre de 1978.<\/p>\n<p>Nacido hace 38 a\u00f1os en la localidad bonaerense de Mercedes, llega a la Secretar\u00eda General de Presidencia tras <b>desempe\u00f1arse como diputado nacional por la provincia de Buenos Aires<\/b>. Antes fue vicepresidente de Aerol\u00edneas Argentinas y Austral L\u00edneas A\u00e9reas.<\/p>\n","protected":false},"excerpt":{"rendered":"<p>La Presidente dispuso la salida del dirigente chaque\u00f1o y del ministro de Salud. Eduardo \u00abWado\u00bb de Pedro ser\u00e1 el nuevo secretario general de la Presidencia. Apenas minutos despu\u00e9s de que el juez Daniel Rafecas desestimara la imputaci\u00f3n de Cristina Kirchner, el gobierno nacional anunci\u00f3 cuatro cambios en el gabinete. El m\u00e1s relevante, y quiz\u00e1 tambi\u00e9n&hellip;<\/p>\n","protected":false},"author":1,"featured_media":0,"comment_status":"open","ping_status":"open","sticky":false,"template":"","format":"standard","meta":{"footnotes":""},"categories":[13],"tags":[130,774,20898,17427],"class_list":["post-49410","post","type-post","status-publish","format-standard","hentry","category-politica","tag-anibal-fernandez","tag-daniel-rafecas","tag-eduardo-wado-de-pedro","tag-jorge-capitanich"],"_links":{"self":[{"href":"https:\/\/www.elsindical.com.ar\/notas\/wp-json\/wp\/v2\/posts\/49410","targetHints":{"allow":["GET"]}}],"collection":[{"href":"https:\/\/www.elsindical.com.ar\/notas\/wp-json\/wp\/v2\/posts"}],"about":[{"href":"https:\/\/www.elsindical.com.ar\/notas\/wp-json\/wp\/v2\/types\/post"}],"author":[{"embeddable":true,"href":"https:\/\/www.elsindical.com.ar\/notas\/wp-json\/wp\/v2\/users\/1"}],"replies":[{"embeddable":true,"href":"https:\/\/www.elsindical.com.ar\/notas\/wp-json\/wp\/v2\/comments?post=49410"}],"version-history":[{"count":1,"href":"https:\/\/www.elsindical.com.ar\/notas\/wp-json\/wp\/v2\/posts\/49410\/revisions"}],"predecessor-version":[{"id":49411,"href":"https:\/\/www.elsindical.com.ar\/notas\/wp-json\/wp\/v2\/posts\/49410\/revisions\/49411"}],"wp:attachment":[{"href":"https:\/\/www.elsindical.com.ar\/notas\/wp-json\/wp\/v2\/media?parent=49410"}],"wp:term":[{"taxonomy":"category","embeddable":true,"href":"https:\/\/www.elsindical.com.ar\/notas\/wp-json\/wp\/v2\/categories?post=49410"},{"taxonomy":"post_tag","embeddable":true,"href":"https:\/\/www.elsindical.com.ar\/notas\/wp-json\/wp\/v2\/tags?post=49410"}],"curies":[{"name":"wp","href":"https:\/\/api.w.org\/{rel}","templated":true}]}}