{"id":49371,"date":"2015-02-25T05:45:11","date_gmt":"2015-02-25T08:45:11","guid":{"rendered":"http:\/\/www.elsindical.com.ar\/notas\/?p=49371"},"modified":"2015-02-25T05:45:11","modified_gmt":"2015-02-25T08:45:11","slug":"salta-gendarme-denuncio-que-fue-secuestrado-y-aparecio-muerto","status":"publish","type":"post","link":"https:\/\/www.elsindical.com.ar\/notas\/salta-gendarme-denuncio-que-fue-secuestrado-y-aparecio-muerto\/","title":{"rendered":"Salta: Gendarme denunci\u00f3 que fue secuestrado y apareci\u00f3 muerto"},"content":{"rendered":"<p class=\"p1 newDetailTextChange\"><em><a href=\"http:\/\/www.elsindical.com.ar\/notas\/var\/www\/html\/notas\/wp-content\/uploads\/2015\/02\/escuadr\u00f3n-Gendarmer\u00eda-Nacional-20-Or\u00e1n.jpg\"><img loading=\"lazy\" decoding=\"async\" class=\"alignnone size-medium wp-image-49372\" src=\"http:\/\/www.elsindical.com.ar\/notas\/var\/www\/html\/notas\/wp-content\/uploads\/2015\/02\/escuadr\u00f3n-Gendarmer\u00eda-Nacional-20-Or\u00e1n-300x171.jpg\" alt=\"escuadr\u00f3n-Gendarmer\u00eda-Nacional-20-Or\u00e1n\" width=\"300\" height=\"171\" srcset=\"https:\/\/www.elsindical.com.ar\/notas\/var\/www\/html\/notas\/wp-content\/uploads\/2015\/02\/escuadr\u00f3n-Gendarmer\u00eda-Nacional-20-Or\u00e1n-300x171.jpg 300w, https:\/\/www.elsindical.com.ar\/notas\/var\/www\/html\/notas\/wp-content\/uploads\/2015\/02\/escuadr\u00f3n-Gendarmer\u00eda-Nacional-20-Or\u00e1n-500x284.jpg 500w, https:\/\/www.elsindical.com.ar\/notas\/var\/www\/html\/notas\/wp-content\/uploads\/2015\/02\/escuadr\u00f3n-Gendarmer\u00eda-Nacional-20-Or\u00e1n.jpg 531w\" sizes=\"auto, (max-width: 300px) 100vw, 300px\" \/><\/a>El hecho ocurri\u00f3 en Or\u00e1n, Salta. Autoridades de Gendarmer\u00eda Nacional informaron que se trat\u00f3 de un suicidio, la familia del joven duda de esa posibilidad.<\/em><\/p>\n<p>Un <b>gendarme<\/b> de 21 a\u00f1os, que denunci\u00f3 que hab\u00eda sido <b>secuestrado <\/b>la semana pasada, <b>apareci\u00f3 sin vida <\/b>en la localidad de <b>Or\u00e1n,<\/b> en la provincia de Salta y su <b>familia <\/b>duda que se haya suicidado.<\/p>\n<p class=\"p1 newDetailTextChange\">Seg\u00fan informaron fuentes policiales, <b>Daniel Oscar Montellano,<\/b> apareci\u00f3 muerto el domingo \u00faltimo al mediod\u00eda en el Escuadr\u00f3n 20 de Or\u00e1n, donde prestaba servicio.<\/p>\n<p>Mientras las autoridades de <b>Gendarmer\u00eda Nacional informaron que se trat\u00f3 de un suicidio<\/b>, la familia del joven duda de esa posibilidad. El joven gendarme denunci\u00f3 que hab\u00eda sido v\u00edctima de un secuestro, el pasado jueves en la localidad de Pichanal y que estuvo cautivo durante 24 horas. Montellano realiz\u00f3 la denuncia en la comisar\u00eda 21 de esa localidad y dijo que adem\u00e1s de ser amenazado y golpeado por cinco hombres que lo subieron a un auto, le robaron sus pertenencias.<\/p>\n<p class=\"p1 newDetailTextChange\">Seg\u00fan la versi\u00f3n oficial de las circunstancias de la muerte, el domingo Montellano se encontraba cumpliendo servicio de cuartelero, junto a otros cinco gendarmes y en el momento en el que salieron a almorzar, cerca de las 13 el joven decidi\u00f3 quedarse.<\/p>\n<p>Cuando sus compa\u00f1eros regresaron, lo encontraron tendido sobre una cama y presentaba<b> manchas de sangre en la cara y a un costado su cuerpo <\/b>estaba el arma reglamentaria calibre 9 mil\u00edmetros.<\/p>\n<p class=\"p1 newDetailTextChange\">El cuerpo de Montellano fue trasladado este lunes a la localidad salte\u00f1a de <b>Salvador Mazza,<\/b> de donde era oriundo y all\u00ed sus familiares expresaron sus dudas con respecto a la muerte. La familia expres\u00f3 a la prensa local que Gendarmer\u00eda les inform\u00f3 que el joven muri\u00f3 con un disparo en la boca, mientras que la familia dijo que el impacto de bala lo ten\u00eda en la frente.<\/p>\n<p>La causa est\u00e1 a cargo de la Fiscal\u00eda N 2 de Or\u00e1n, donde se orden\u00f3, entre otras medidas, realizar la prueba de parafina.<\/p>\n","protected":false},"excerpt":{"rendered":"<p>El hecho ocurri\u00f3 en Or\u00e1n, Salta. Autoridades de Gendarmer\u00eda Nacional informaron que se trat\u00f3 de un suicidio, la familia del joven duda de esa posibilidad. Un gendarme de 21 a\u00f1os, que denunci\u00f3 que hab\u00eda sido secuestrado la semana pasada, apareci\u00f3 sin vida en la localidad de Or\u00e1n, en la provincia de Salta y su familia&hellip;<\/p>\n","protected":false},"author":1,"featured_media":0,"comment_status":"open","ping_status":"open","sticky":false,"template":"","format":"standard","meta":{"footnotes":""},"categories":[22],"tags":[1906,305,4812,2562],"class_list":["post-49371","post","type-post","status-publish","format-standard","hentry","category-policiales","tag-gendarme","tag-muerte","tag-oran","tag-salta"],"_links":{"self":[{"href":"https:\/\/www.elsindical.com.ar\/notas\/wp-json\/wp\/v2\/posts\/49371","targetHints":{"allow":["GET"]}}],"collection":[{"href":"https:\/\/www.elsindical.com.ar\/notas\/wp-json\/wp\/v2\/posts"}],"about":[{"href":"https:\/\/www.elsindical.com.ar\/notas\/wp-json\/wp\/v2\/types\/post"}],"author":[{"embeddable":true,"href":"https:\/\/www.elsindical.com.ar\/notas\/wp-json\/wp\/v2\/users\/1"}],"replies":[{"embeddable":true,"href":"https:\/\/www.elsindical.com.ar\/notas\/wp-json\/wp\/v2\/comments?post=49371"}],"version-history":[{"count":1,"href":"https:\/\/www.elsindical.com.ar\/notas\/wp-json\/wp\/v2\/posts\/49371\/revisions"}],"predecessor-version":[{"id":49373,"href":"https:\/\/www.elsindical.com.ar\/notas\/wp-json\/wp\/v2\/posts\/49371\/revisions\/49373"}],"wp:attachment":[{"href":"https:\/\/www.elsindical.com.ar\/notas\/wp-json\/wp\/v2\/media?parent=49371"}],"wp:term":[{"taxonomy":"category","embeddable":true,"href":"https:\/\/www.elsindical.com.ar\/notas\/wp-json\/wp\/v2\/categories?post=49371"},{"taxonomy":"post_tag","embeddable":true,"href":"https:\/\/www.elsindical.com.ar\/notas\/wp-json\/wp\/v2\/tags?post=49371"}],"curies":[{"name":"wp","href":"https:\/\/api.w.org\/{rel}","templated":true}]}}