{"id":49358,"date":"2015-02-25T05:02:03","date_gmt":"2015-02-25T08:02:03","guid":{"rendered":"http:\/\/www.elsindical.com.ar\/notas\/?p=49358"},"modified":"2015-02-25T05:02:03","modified_gmt":"2015-02-25T08:02:03","slug":"edesur-s-a-sigue-perjudicando-a-los-usuarios-ante-la-falta-de-sanciones-del-gobierno","status":"publish","type":"post","link":"https:\/\/www.elsindical.com.ar\/notas\/edesur-s-a-sigue-perjudicando-a-los-usuarios-ante-la-falta-de-sanciones-del-gobierno\/","title":{"rendered":"EDESUR S.A. sigue perjudicando a los usuarios ante la falta de sanciones del gobierno"},"content":{"rendered":"<p><a href=\"http:\/\/www.elsindical.com.ar\/notas\/var\/www\/html\/notas\/wp-content\/uploads\/2012\/12\/Edesur-no-a-los-cortes.jpg\"><img loading=\"lazy\" decoding=\"async\" class=\"alignnone size-medium wp-image-30542\" src=\"http:\/\/www.elsindical.com.ar\/notas\/var\/www\/html\/notas\/wp-content\/uploads\/2012\/12\/Edesur-no-a-los-cortes-300x240.jpg\" alt=\"Edesur no a los cortes\" width=\"300\" height=\"240\" srcset=\"https:\/\/www.elsindical.com.ar\/notas\/var\/www\/html\/notas\/wp-content\/uploads\/2012\/12\/Edesur-no-a-los-cortes-300x240.jpg 300w, https:\/\/www.elsindical.com.ar\/notas\/var\/www\/html\/notas\/wp-content\/uploads\/2012\/12\/Edesur-no-a-los-cortes-374x300.jpg 374w, https:\/\/www.elsindical.com.ar\/notas\/var\/www\/html\/notas\/wp-content\/uploads\/2012\/12\/Edesur-no-a-los-cortes.jpg 421w\" sizes=\"auto, (max-width: 300px) 100vw, 300px\" \/><\/a><\/p>\n<p><em>En uno de los d\u00edas m\u00e1s calurosos, volvieron los cortes de luz, con una noche de alta sensaci\u00f3n t\u00e9rmica, la empresa no informaba a los usuarios un tiempo estimativo del corte y el ENRE como desde hace mucho tiempo, no atiende a los reclamos, debiendo gestionarse la queja de forma autom\u00e1tica a pesar de existir una legislaci\u00f3n en contra.<\/em><\/p>\n<p>Si uno escribe \u00abEdesur\u00bb o \u00abEdenor\u00bb en el buscador de Twitter, lo que m\u00e1s encuentra son mensajes con insultos sin pelos en la lengua. La red social marca el pulso del hartazgo. El lunes comenz\u00f3 a escalar el term\u00f3metro y empezaron los cortes de luz. El martes la temperatura fue todav\u00eda m\u00e1s alta y los problemas en el servicio el\u00e9ctrico se multiplicaron hasta las \u00faltimas horas de la noche.<\/p>\n<p>En la Ciudad de Buenos Aires hubo varias zonas afectadas. En <b>Belgrano<\/b> y <b>N\u00fa\u00f1ez<\/b> no hubo luz durante buena parte de la noche y volvi\u00f3 a cortarse al mediod\u00eda. En <b>Villa Crespo<\/b>, uno de los barrios m\u00e1s castigados de los \u00faltimos a\u00f1os, hubo fallas desde Corrientes hasta San Mart\u00edn. Otro de los barrios m\u00e1s afectados fue <b>Villa Devoto<\/b>, donde el apag\u00f3n fue muy grande. Adem\u00e1s, durante la noche del martes se reportaron quejas desde Villa del Parque<\/p>\n<p>Incluso, el subsecretario de Transporte de la Ciudad, <b>Guillermo Dietrich, confirm\u00f3 que por la falta de suministro el\u00e9ctrico hubo varios sem\u00e1foros apagados en todo el corredor correspondiente a la Av. Del Libertador<\/b>, lo que complic\u00f3 el tr\u00e1nsito en la zona. Desde el gobierno porte\u00f1o trasladaron grupos electr\u00f3genos para lograr su funcionamiento.<\/p>\n<p>A su vez, en la ma\u00f1ana del martes tambi\u00e9n falt\u00f3 la luz en <b>Versalles<\/b>, <b>Matadores<\/b>,<b> Flores<\/b> y la zona de Catalinas Sur. <b>Tambi\u00e9n hubo un desperfecto en el microcentro que afect\u00f3 durante 3 horas al Ministerio de Econom\u00eda<\/b>.<\/p>\n<p>La provincia tampoco se salv\u00f3. En <b>Olivos<\/b>, a unas 20 cuadras de la quinta presidencial, fue la <b>tercera vez que el servicio se cay\u00f3 en la que va del mes<\/b>, en general, durante 6 \u00f3 7 horas. A los vecinos les aseguraron desde Edenor que un conflicto gremial entorpeci\u00f3 la soluci\u00f3n del problema.<\/p>\n<p>Algo similar ocurri\u00f3 en <b>Lomas de Zamora<\/b>, donde a los cortes de luz se sum\u00f3 un <b>piquete de trabajadores de Edesur frente a las oficinas de la empresa<\/b> en Hip\u00f3lito Yrigoyen al 9070, entre Gorriti y Laprida.<\/p>\n<p>En tanto, en <b>Monte Grande<\/b>, partido de Esteban Echeverr\u00eda, hubo una <b>convocatoria de vecinos para organizar un piquete<\/b>. Aseguran que los problemas comenzaron el 26 de diciembre y que todav\u00eda no hubo una respuesta concreta.<\/p>\n<p>Mientras que en Avellaneda, varios barrios estaban sin suministro a pesar de las declaraciones del intendente Jorge Ferraresi respecto a que en el partido nunca se estuvo mejor que ahora con las inversiones de EDESUR, ser\u00e1 que el intendente hace tiempo no permanece en el municipio fuera de su actividad.<\/p>\n","protected":false},"excerpt":{"rendered":"<p>En uno de los d\u00edas m\u00e1s calurosos, volvieron los cortes de luz, con una noche de alta sensaci\u00f3n t\u00e9rmica, la empresa no informaba a los usuarios un tiempo estimativo del corte y el ENRE como desde hace mucho tiempo, no atiende a los reclamos, debiendo gestionarse la queja de forma autom\u00e1tica a pesar de existir&hellip;<\/p>\n","protected":false},"author":1,"featured_media":0,"comment_status":"open","ping_status":"open","sticky":false,"template":"","format":"standard","meta":{"footnotes":""},"categories":[1],"tags":[1893,294,3965,3764,375,514,3056],"class_list":["post-49358","post","type-post","status-publish","format-standard","hentry","category-destacadas","tag-calor","tag-cortes","tag-edesur-s-a","tag-enre","tag-gobierno","tag-reclamos","tag-sanciones"],"_links":{"self":[{"href":"https:\/\/www.elsindical.com.ar\/notas\/wp-json\/wp\/v2\/posts\/49358","targetHints":{"allow":["GET"]}}],"collection":[{"href":"https:\/\/www.elsindical.com.ar\/notas\/wp-json\/wp\/v2\/posts"}],"about":[{"href":"https:\/\/www.elsindical.com.ar\/notas\/wp-json\/wp\/v2\/types\/post"}],"author":[{"embeddable":true,"href":"https:\/\/www.elsindical.com.ar\/notas\/wp-json\/wp\/v2\/users\/1"}],"replies":[{"embeddable":true,"href":"https:\/\/www.elsindical.com.ar\/notas\/wp-json\/wp\/v2\/comments?post=49358"}],"version-history":[{"count":1,"href":"https:\/\/www.elsindical.com.ar\/notas\/wp-json\/wp\/v2\/posts\/49358\/revisions"}],"predecessor-version":[{"id":49359,"href":"https:\/\/www.elsindical.com.ar\/notas\/wp-json\/wp\/v2\/posts\/49358\/revisions\/49359"}],"wp:attachment":[{"href":"https:\/\/www.elsindical.com.ar\/notas\/wp-json\/wp\/v2\/media?parent=49358"}],"wp:term":[{"taxonomy":"category","embeddable":true,"href":"https:\/\/www.elsindical.com.ar\/notas\/wp-json\/wp\/v2\/categories?post=49358"},{"taxonomy":"post_tag","embeddable":true,"href":"https:\/\/www.elsindical.com.ar\/notas\/wp-json\/wp\/v2\/tags?post=49358"}],"curies":[{"name":"wp","href":"https:\/\/api.w.org\/{rel}","templated":true}]}}