{"id":49342,"date":"2015-02-24T09:04:20","date_gmt":"2015-02-24T12:04:20","guid":{"rendered":"http:\/\/www.elsindical.com.ar\/notas\/?p=49342"},"modified":"2015-02-24T09:04:20","modified_gmt":"2015-02-24T12:04:20","slug":"revocaron-sobreseimientos-decretados-en-la-denominada-causa-ibm-dgi","status":"publish","type":"post","link":"https:\/\/www.elsindical.com.ar\/notas\/revocaron-sobreseimientos-decretados-en-la-denominada-causa-ibm-dgi\/","title":{"rendered":"Revocaron sobreseimientos decretados en la denominada causa IBM-DGI"},"content":{"rendered":"<p><em><a href=\"http:\/\/www.elsindical.com.ar\/notas\/var\/www\/html\/notas\/wp-content\/uploads\/2010\/01\/torre-IBM.jpg\"><img loading=\"lazy\" decoding=\"async\" class=\"alignnone size-full wp-image-2926\" src=\"http:\/\/www.elsindical.com.ar\/notas\/var\/www\/html\/notas\/wp-content\/uploads\/2010\/01\/torre-IBM.jpg\" alt=\"torre-IBM\" width=\"198\" height=\"119\" \/><\/a>Es una decisi\u00f3n de la Sala IV de la C\u00e1mara Federal de Casaci\u00f3n Penal.<\/em><\/p>\n<p>La Corte Suprema de Justicia de la Naci\u00f3n \u2013CSJN \u2013inform\u00f3 que la Sala IV de la C\u00e1mara Federal de Casaci\u00f3n Penal revoc\u00f3 11 sobreseimientos decretados en causa iniciada por el pago sobreprecios por parte del Estado Nacional a la empresa IBM Argentina SA.<\/p>\n<p><b>\u201cLa Sala IV de la C\u00e1mara Federal de Casaci\u00f3n Penal, integrada por los jueces Mariano Hern\u00e1n Borinsky, Juan Carlos Gemignani y Gustavo M. Hornos, revoc\u00f3 las resoluciones dictadas por el Tribunal Oral en lo Criminal Federal N\u00b0 3 de la Capital que hab\u00eda sobrese\u00eddo a once imputados, presuntamente vinculados a la maniobra investigada, por entender que la acci\u00f3n penal se encuentra prescripta.<\/b><\/p>\n<p><b>La resoluci\u00f3n dictada por el m\u00e1ximo tribunal penal del pa\u00eds tuvo lugar con motivo de los recursos de casaci\u00f3n interpuestos por Gabriela B. Baig\u00fan, en representaci\u00f3n del Ministerio P\u00fablico Fiscal, y por la Oficina Anticorrupci\u00f3n en su car\u00e1cter de parte querellante.<\/b><\/p>\n<p><b>Lo resuelto por la Sala IV de la C\u00e1mara Federal de Casaci\u00f3n Penal implica la continuidad del tr\u00e1mite del proceso, instando asimismo a la r\u00e1pida celebraci\u00f3n del juicio.<\/b><\/p>\n<p><b>En el caso se investiga el pago de sobreprecios por el Estado Nacional de aproximadamente 120 millones de pesos relacionados con la contrataci\u00f3n de servicios inform\u00e1ticos que celebr\u00f3 la DGI con la firma IBM Argentina S.A. en 1994\u201d.<\/b><\/p>\n","protected":false},"excerpt":{"rendered":"<p>Es una decisi\u00f3n de la Sala IV de la C\u00e1mara Federal de Casaci\u00f3n Penal. La Corte Suprema de Justicia de la Naci\u00f3n \u2013CSJN \u2013inform\u00f3 que la Sala IV de la C\u00e1mara Federal de Casaci\u00f3n Penal revoc\u00f3 11 sobreseimientos decretados en causa iniciada por el pago sobreprecios por parte del Estado Nacional a la empresa IBM&hellip;<\/p>\n","protected":false},"author":1,"featured_media":0,"comment_status":"open","ping_status":"open","sticky":false,"template":"","format":"standard","meta":{"footnotes":""},"categories":[20],"tags":[14174,2580,197,1577],"class_list":["post-49342","post","type-post","status-publish","format-standard","hentry","category-judiciales","tag-csjn","tag-dgi","tag-fallo","tag-ibm"],"_links":{"self":[{"href":"https:\/\/www.elsindical.com.ar\/notas\/wp-json\/wp\/v2\/posts\/49342","targetHints":{"allow":["GET"]}}],"collection":[{"href":"https:\/\/www.elsindical.com.ar\/notas\/wp-json\/wp\/v2\/posts"}],"about":[{"href":"https:\/\/www.elsindical.com.ar\/notas\/wp-json\/wp\/v2\/types\/post"}],"author":[{"embeddable":true,"href":"https:\/\/www.elsindical.com.ar\/notas\/wp-json\/wp\/v2\/users\/1"}],"replies":[{"embeddable":true,"href":"https:\/\/www.elsindical.com.ar\/notas\/wp-json\/wp\/v2\/comments?post=49342"}],"version-history":[{"count":1,"href":"https:\/\/www.elsindical.com.ar\/notas\/wp-json\/wp\/v2\/posts\/49342\/revisions"}],"predecessor-version":[{"id":49343,"href":"https:\/\/www.elsindical.com.ar\/notas\/wp-json\/wp\/v2\/posts\/49342\/revisions\/49343"}],"wp:attachment":[{"href":"https:\/\/www.elsindical.com.ar\/notas\/wp-json\/wp\/v2\/media?parent=49342"}],"wp:term":[{"taxonomy":"category","embeddable":true,"href":"https:\/\/www.elsindical.com.ar\/notas\/wp-json\/wp\/v2\/categories?post=49342"},{"taxonomy":"post_tag","embeddable":true,"href":"https:\/\/www.elsindical.com.ar\/notas\/wp-json\/wp\/v2\/tags?post=49342"}],"curies":[{"name":"wp","href":"https:\/\/api.w.org\/{rel}","templated":true}]}}